{"id":9000,"date":"2024-09-14T07:22:00","date_gmt":"2024-09-14T07:22:00","guid":{"rendered":"https:\/\/www.anixton.com\/unete-a-anixton-en-la-cumbre-inmobiliaria-2024-en-bruselas\/"},"modified":"2024-11-27T00:17:52","modified_gmt":"2024-11-27T00:17:52","slug":"unete-a-anixton-en-la-cumbre-inmobiliaria-2024-en-bruselas","status":"publish","type":"post","link":"https:\/\/www.anixton.com\/es\/unete-a-anixton-en-la-cumbre-inmobiliaria-2024-en-bruselas\/","title":{"rendered":"\u00danete a Anixton en la Cumbre Inmobiliaria 2024 en Bruselas"},"content":{"rendered":"\t\t<div data-elementor-type=\"wp-post\" data-elementor-id=\"9000\" class=\"elementor elementor-9000 elementor-6681\" data-elementor-post-type=\"post\">\n\t\t\t\t<div class=\"elementor-element elementor-element-c67d90f e-flex e-con-boxed e-con e-parent\" data-id=\"c67d90f\" data-element_type=\"container\" data-e-type=\"container\">\n\t\t\t\t\t<div class=\"e-con-inner\">\n\t\t\t\t<div class=\"elementor-element elementor-element-1da5235 elementor-invisible elementor-widget elementor-widget-heading\" data-id=\"1da5235\" data-element_type=\"widget\" data-e-type=\"widget\" data-settings=\"{&quot;_animation&quot;:&quot;fadeIn&quot;}\" data-widget_type=\"heading.default\">\n\t\t\t\t<div class=\"elementor-widget-container\">\n\t\t\t\t\t<h2 class=\"elementor-heading-title elementor-size-default\">Conoce a nuestro equipo en la Cumbre Inmobiliaria 2024 de Bruselas<\/h2>\t\t\t\t<\/div>\n\t\t\t\t<\/div>\n\t\t\t\t<div class=\"elementor-element elementor-element-8cbdb8a elementor-invisible elementor-widget elementor-widget-text-editor\" data-id=\"8cbdb8a\" data-element_type=\"widget\" data-e-type=\"widget\" data-settings=\"{&quot;_animation&quot;:&quot;fadeIn&quot;,&quot;_animation_delay&quot;:600}\" data-widget_type=\"text-editor.default\">\n\t\t\t\t<div class=\"elementor-widget-container\">\n\t\t\t\t\t\t\t\t\t<p>Anixton se complace en anunciar su participaci\u00f3n en el prestigioso Realty Summit, el principal evento inmobiliario de B\u00e9lgica, que tendr\u00e1 lugar en Bruselas los d\u00edas 17 y 18 de septiembre. Nuestro equipo estar\u00e1 disponible para debatir las \u00faltimas novedades del mercado, compartir opiniones de expertos y explorar interesantes oportunidades de inversi\u00f3n inmobiliaria con colegas del sector.<\/p>\n\t\t\t\t\t\t\t\t<\/div>\n\t\t\t\t<\/div>\n\t\t\t\t<div class=\"elementor-element elementor-element-c266caa elementor-widget__width-inherit elementor-widget elementor-widget-image\" data-id=\"c266caa\" data-element_type=\"widget\" data-e-type=\"widget\" data-widget_type=\"image.default\">\n\t\t\t\t<div class=\"elementor-widget-container\">\n\t\t\t\t\t\t\t\t\t\t\t\t\t\t\t<img fetchpriority=\"high\" decoding=\"async\" width=\"1200\" height=\"800\" src=\"https:\/\/www.anixton.com\/wp-content\/uploads\/2024\/11\/Anixton_News_2024_009_01.avif\" class=\"attachment-full size-full wp-image-8083\" alt=\"\" srcset=\"https:\/\/www.anixton.com\/wp-content\/uploads\/2024\/11\/Anixton_News_2024_009_01.avif 1200w, https:\/\/www.anixton.com\/wp-content\/uploads\/2024\/11\/Anixton_News_2024_009_01-300x200.avif 300w, https:\/\/www.anixton.com\/wp-content\/uploads\/2024\/11\/Anixton_News_2024_009_01-1024x683.avif 1024w, https:\/\/www.anixton.com\/wp-content\/uploads\/2024\/11\/Anixton_News_2024_009_01-768x512.avif 768w, https:\/\/www.anixton.com\/wp-content\/uploads\/2024\/11\/Anixton_News_2024_009_01-600x400.avif 600w\" sizes=\"(max-width: 1200px) 100vw, 1200px\" \/>\t\t\t\t\t\t\t\t\t\t\t\t\t\t\t<\/div>\n\t\t\t\t<\/div>\n\t\t\t\t<div class=\"elementor-element elementor-element-8795212 elementor-invisible elementor-widget elementor-widget-text-editor\" data-id=\"8795212\" data-element_type=\"widget\" data-e-type=\"widget\" data-settings=\"{&quot;_animation&quot;:&quot;fadeIn&quot;,&quot;_animation_delay&quot;:600}\" data-widget_type=\"text-editor.default\">\n\t\t\t\t<div class=\"elementor-widget-container\">\n\t\t\t\t\t\t\t\t\t<p>Te invitamos a ponerte en contacto con nuestros expertos para descubrir c\u00f3mo Anixton sigue impulsando la innovaci\u00f3n y creando valor en el sector inmobiliario.<\/p>\n\t\t\t\t\t\t\t\t<\/div>\n\t\t\t\t<\/div>\n\t\t\t\t<div class=\"elementor-element elementor-element-c47500c elementor-mobile-align-left elementor-invisible elementor-widget elementor-widget-button\" data-id=\"c47500c\" data-element_type=\"widget\" data-e-type=\"widget\" data-settings=\"{&quot;_animation&quot;:&quot;fadeIn&quot;,&quot;_animation_delay&quot;:800}\" data-widget_type=\"button.default\">\n\t\t\t\t<div class=\"elementor-widget-container\">\n\t\t\t\t\t\t\t\t\t<div class=\"elementor-button-wrapper\">\n\t\t\t\t\t<a class=\"elementor-button elementor-button-link elementor-size-sm elementor-animation-float\" href=\"https:\/\/www.realty-belgium.be\/\" target=\"_blank\">\n\t\t\t\t\t\t<span class=\"elementor-button-content-wrapper\">\n\t\t\t\t\t\t<span class=\"elementor-button-icon\">\n\t\t\t\t<i aria-hidden=\"true\" class=\"fas fa-long-arrow-alt-right\"><\/i>\t\t\t<\/span>\n\t\t\t\t\t\t\t\t\t<span class=\"elementor-button-text\">M\u00e1s informaci\u00f3n<\/span>\n\t\t\t\t\t<\/span>\n\t\t\t\t\t<\/a>\n\t\t\t\t<\/div>\n\t\t\t\t\t\t\t\t<\/div>\n\t\t\t\t<\/div>\n\t\t\t\t\t<\/div>\n\t\t\t\t<\/div>\n\t\t\t\t<\/div>\n\t\t","protected":false},"excerpt":{"rendered":"<p>Conoce a nuestro equipo en la Cumbre Inmobiliaria 2024 de Bruselas Anixton se complace en anunciar su participaci\u00f3n en el prestigioso Realty Summit, el principal evento inmobiliario de B\u00e9lgica, que tendr\u00e1 lugar en Bruselas los d\u00edas 17 y 18 de septiembre. Nuestro equipo estar\u00e1 disponible para debatir las \u00faltimas novedades del mercado, compartir opiniones de [&hellip;]<\/p>\n","protected":false},"author":21,"featured_media":8083,"comment_status":"closed","ping_status":"open","sticky":false,"template":"","format":"standard","meta":{"site-sidebar-layout":"default","site-content-layout":"","ast-site-content-layout":"default","site-content-style":"default","site-sidebar-style":"default","ast-global-header-display":"","ast-banner-title-visibility":"","ast-main-header-display":"","ast-hfb-above-header-display":"","ast-hfb-below-header-display":"","ast-hfb-mobile-header-display":"","site-post-title":"","ast-breadcrumbs-content":"","ast-featured-img":"","footer-sml-layout":"","ast-disable-related-posts":"","theme-transparent-header-meta":"","adv-header-id-meta":"","stick-header-meta":"","header-above-stick-meta":"","header-main-stick-meta":"","header-below-stick-meta":"","astra-migrate-meta-layouts":"default","ast-page-background-enabled":"default","ast-page-background-meta":{"desktop":{"background-color":"","background-image":"","background-repeat":"repeat","background-position":"center center","background-size":"auto","background-attachment":"scroll","background-type":"","background-media":"","overlay-type":"","overlay-color":"","overlay-opacity":"","overlay-gradient":""},"tablet":{"background-color":"","background-image":"","background-repeat":"repeat","background-position":"center center","background-size":"auto","background-attachment":"scroll","background-type":"","background-media":"","overlay-type":"","overlay-color":"","overlay-opacity":"","overlay-gradient":""},"mobile":{"background-color":"","background-image":"","background-repeat":"repeat","background-position":"center center","background-size":"auto","background-attachment":"scroll","background-type":"","background-media":"","overlay-type":"","overlay-color":"","overlay-opacity":"","overlay-gradient":""}},"ast-content-background-meta":{"desktop":{"background-color":"var(--ast-global-color-5)","background-image":"","background-repeat":"repeat","background-position":"center center","background-size":"auto","background-attachment":"scroll","background-type":"","background-media":"","overlay-type":"","overlay-color":"","overlay-opacity":"","overlay-gradient":""},"tablet":{"background-color":"var(--ast-global-color-5)","background-image":"","background-repeat":"repeat","background-position":"center center","background-size":"auto","background-attachment":"scroll","background-type":"","background-media":"","overlay-type":"","overlay-color":"","overlay-opacity":"","overlay-gradient":""},"mobile":{"background-color":"var(--ast-global-color-5)","background-image":"","background-repeat":"repeat","background-position":"center center","background-size":"auto","background-attachment":"scroll","background-type":"","background-media":"","overlay-type":"","overlay-color":"","overlay-opacity":"","overlay-gradient":""}},"footnotes":""},"categories":[42],"tags":[],"class_list":["post-9000","post","type-post","status-publish","format-standard","has-post-thumbnail","hentry","category-sin-categorizar"],"yoast_head":"<!-- This site is optimized with the Yoast SEO plugin v27.4 - https:\/\/yoast.com\/product\/yoast-seo-wordpress\/ -->\n<title>Anixton en la Cumbre Inmobiliaria 2024 de Bruselas<\/title>\n<meta name=\"description\" content=\"\u00danete a Anixton en la Cumbre Inmobiliaria de Bruselas, los d\u00edas 17 y 18 de septiembre, para debatir las tendencias del mercado, las oportunidades de inversi\u00f3n y la innovaci\u00f3n inmobiliaria.\" \/>\n<meta name=\"robots\" content=\"index, follow, max-snippet:-1, max-image-preview:large, max-video-preview:-1\" \/>\n<link rel=\"canonical\" href=\"https:\/\/www.anixton.com\/es\/unete-a-anixton-en-la-cumbre-inmobiliaria-2024-en-bruselas\/\" \/>\n<meta property=\"og:locale\" content=\"es_ES\" \/>\n<meta property=\"og:type\" content=\"article\" \/>\n<meta property=\"og:title\" content=\"Anixton en la Cumbre Inmobiliaria 2024 de Bruselas\" \/>\n<meta property=\"og:description\" content=\"\u00danete a Anixton en la Cumbre Inmobiliaria de Bruselas, los d\u00edas 17 y 18 de septiembre, para debatir las tendencias del mercado, las oportunidades de inversi\u00f3n y la innovaci\u00f3n inmobiliaria.\" \/>\n<meta property=\"og:url\" content=\"https:\/\/www.anixton.com\/es\/unete-a-anixton-en-la-cumbre-inmobiliaria-2024-en-bruselas\/\" \/>\n<meta property=\"og:site_name\" content=\"ANIXTON\" \/>\n<meta property=\"article:publisher\" content=\"https:\/\/www.facebook.com\/anixton.realestate\" \/>\n<meta property=\"article:published_time\" content=\"2024-09-14T07:22:00+00:00\" \/>\n<meta property=\"article:modified_time\" content=\"2024-11-27T00:17:52+00:00\" \/>\n<meta property=\"og:image\" content=\"https:\/\/www.anixton.com\/wp-content\/uploads\/2020\/02\/ANIXTON_LOGO_HORIZONTAL_for-background-Navy.png\" \/>\n\t<meta property=\"og:image:width\" content=\"16368\" \/>\n\t<meta property=\"og:image:height\" content=\"3469\" \/>\n\t<meta property=\"og:image:type\" content=\"image\/png\" \/>\n<meta name=\"author\" content=\"Anixton\" \/>\n<meta name=\"twitter:card\" content=\"summary_large_image\" \/>\n<meta name=\"twitter:creator\" content=\"@anixton\" \/>\n<meta name=\"twitter:site\" content=\"@anixton\" \/>\n<meta name=\"twitter:label1\" content=\"Escrito por\" \/>\n\t<meta name=\"twitter:data1\" content=\"Anixton\" \/>\n<script type=\"application\/ld+json\" class=\"yoast-schema-graph\">{\"@context\":\"https:\\\/\\\/schema.org\",\"@graph\":[{\"@type\":\"Article\",\"@id\":\"https:\\\/\\\/www.anixton.com\\\/es\\\/unete-a-anixton-en-la-cumbre-inmobiliaria-2024-en-bruselas\\\/#article\",\"isPartOf\":{\"@id\":\"https:\\\/\\\/www.anixton.com\\\/es\\\/unete-a-anixton-en-la-cumbre-inmobiliaria-2024-en-bruselas\\\/\"},\"author\":{\"name\":\"Anixton\",\"@id\":\"https:\\\/\\\/www.anixton.com\\\/es\\\/#\\\/schema\\\/person\\\/c26993d2408e0f9c37a1b168db54565d\"},\"headline\":\"\u00danete a Anixton en la Cumbre Inmobiliaria 2024 en Bruselas\",\"datePublished\":\"2024-09-14T07:22:00+00:00\",\"dateModified\":\"2024-11-27T00:17:52+00:00\",\"mainEntityOfPage\":{\"@id\":\"https:\\\/\\\/www.anixton.com\\\/es\\\/unete-a-anixton-en-la-cumbre-inmobiliaria-2024-en-bruselas\\\/\"},\"wordCount\":107,\"publisher\":{\"@id\":\"https:\\\/\\\/www.anixton.com\\\/es\\\/#organization\"},\"image\":{\"@id\":\"https:\\\/\\\/www.anixton.com\\\/es\\\/unete-a-anixton-en-la-cumbre-inmobiliaria-2024-en-bruselas\\\/#primaryimage\"},\"thumbnailUrl\":\"https:\\\/\\\/www.anixton.com\\\/wp-content\\\/uploads\\\/2024\\\/11\\\/Anixton_News_2024_009_01.avif\",\"articleSection\":[\"Sin categorizar\"],\"inLanguage\":\"es\"},{\"@type\":\"WebPage\",\"@id\":\"https:\\\/\\\/www.anixton.com\\\/es\\\/unete-a-anixton-en-la-cumbre-inmobiliaria-2024-en-bruselas\\\/\",\"url\":\"https:\\\/\\\/www.anixton.com\\\/es\\\/unete-a-anixton-en-la-cumbre-inmobiliaria-2024-en-bruselas\\\/\",\"name\":\"Anixton en la Cumbre Inmobiliaria 2024 de Bruselas\",\"isPartOf\":{\"@id\":\"https:\\\/\\\/www.anixton.com\\\/es\\\/#website\"},\"primaryImageOfPage\":{\"@id\":\"https:\\\/\\\/www.anixton.com\\\/es\\\/unete-a-anixton-en-la-cumbre-inmobiliaria-2024-en-bruselas\\\/#primaryimage\"},\"image\":{\"@id\":\"https:\\\/\\\/www.anixton.com\\\/es\\\/unete-a-anixton-en-la-cumbre-inmobiliaria-2024-en-bruselas\\\/#primaryimage\"},\"thumbnailUrl\":\"https:\\\/\\\/www.anixton.com\\\/wp-content\\\/uploads\\\/2024\\\/11\\\/Anixton_News_2024_009_01.avif\",\"datePublished\":\"2024-09-14T07:22:00+00:00\",\"dateModified\":\"2024-11-27T00:17:52+00:00\",\"description\":\"\u00danete a Anixton en la Cumbre Inmobiliaria de Bruselas, los d\u00edas 17 y 18 de septiembre, para debatir las tendencias del mercado, las oportunidades de inversi\u00f3n y la innovaci\u00f3n inmobiliaria.\",\"breadcrumb\":{\"@id\":\"https:\\\/\\\/www.anixton.com\\\/es\\\/unete-a-anixton-en-la-cumbre-inmobiliaria-2024-en-bruselas\\\/#breadcrumb\"},\"inLanguage\":\"es\",\"potentialAction\":[{\"@type\":\"ReadAction\",\"target\":[\"https:\\\/\\\/www.anixton.com\\\/es\\\/unete-a-anixton-en-la-cumbre-inmobiliaria-2024-en-bruselas\\\/\"]}]},{\"@type\":\"ImageObject\",\"inLanguage\":\"es\",\"@id\":\"https:\\\/\\\/www.anixton.com\\\/es\\\/unete-a-anixton-en-la-cumbre-inmobiliaria-2024-en-bruselas\\\/#primaryimage\",\"url\":\"https:\\\/\\\/www.anixton.com\\\/wp-content\\\/uploads\\\/2024\\\/11\\\/Anixton_News_2024_009_01.avif\",\"contentUrl\":\"https:\\\/\\\/www.anixton.com\\\/wp-content\\\/uploads\\\/2024\\\/11\\\/Anixton_News_2024_009_01.avif\",\"width\":1200,\"height\":800},{\"@type\":\"BreadcrumbList\",\"@id\":\"https:\\\/\\\/www.anixton.com\\\/es\\\/unete-a-anixton-en-la-cumbre-inmobiliaria-2024-en-bruselas\\\/#breadcrumb\",\"itemListElement\":[{\"@type\":\"ListItem\",\"position\":1,\"name\":\"Home\",\"item\":\"https:\\\/\\\/www.anixton.com\\\/es\\\/\"},{\"@type\":\"ListItem\",\"position\":2,\"name\":\"\u00danete a Anixton en la Cumbre Inmobiliaria 2024 en Bruselas\"}]},{\"@type\":\"WebSite\",\"@id\":\"https:\\\/\\\/www.anixton.com\\\/es\\\/#website\",\"url\":\"https:\\\/\\\/www.anixton.com\\\/es\\\/\",\"name\":\"ANIXTON\",\"description\":\"\",\"publisher\":{\"@id\":\"https:\\\/\\\/www.anixton.com\\\/es\\\/#organization\"},\"potentialAction\":[{\"@type\":\"SearchAction\",\"target\":{\"@type\":\"EntryPoint\",\"urlTemplate\":\"https:\\\/\\\/www.anixton.com\\\/es\\\/?s={search_term_string}\"},\"query-input\":{\"@type\":\"PropertyValueSpecification\",\"valueRequired\":true,\"valueName\":\"search_term_string\"}}],\"inLanguage\":\"es\"},{\"@type\":\"Organization\",\"@id\":\"https:\\\/\\\/www.anixton.com\\\/es\\\/#organization\",\"name\":\"ANIXTON\",\"url\":\"https:\\\/\\\/www.anixton.com\\\/es\\\/\",\"logo\":{\"@type\":\"ImageObject\",\"inLanguage\":\"es\",\"@id\":\"https:\\\/\\\/www.anixton.com\\\/es\\\/#\\\/schema\\\/logo\\\/image\\\/\",\"url\":\"https:\\\/\\\/www.anixton.com\\\/wp-content\\\/uploads\\\/2020\\\/02\\\/ANIXTON_LOGO_HORIZONTAL_for-background-Navy.png\",\"contentUrl\":\"https:\\\/\\\/www.anixton.com\\\/wp-content\\\/uploads\\\/2020\\\/02\\\/ANIXTON_LOGO_HORIZONTAL_for-background-Navy.png\",\"width\":16368,\"height\":3469,\"caption\":\"ANIXTON\"},\"image\":{\"@id\":\"https:\\\/\\\/www.anixton.com\\\/es\\\/#\\\/schema\\\/logo\\\/image\\\/\"},\"sameAs\":[\"https:\\\/\\\/www.facebook.com\\\/anixton.realestate\",\"https:\\\/\\\/x.com\\\/anixton\",\"https:\\\/\\\/www.linkedin.com\\\/company\\\/anixton\\\/?viewAsMember=true\",\"https:\\\/\\\/www.tiktok.com\\\/@anixton.com\",\"https:\\\/\\\/www.instagram.com\\\/anixton\\\/\"]},{\"@type\":\"Person\",\"@id\":\"https:\\\/\\\/www.anixton.com\\\/es\\\/#\\\/schema\\\/person\\\/c26993d2408e0f9c37a1b168db54565d\",\"name\":\"Anixton\",\"image\":{\"@type\":\"ImageObject\",\"inLanguage\":\"es\",\"@id\":\"https:\\\/\\\/secure.gravatar.com\\\/avatar\\\/b289ad38e278234a1ed0e1d6b7d61d73d4bf032b1098b5f138eda58e78faae35?s=96&d=mm&r=g\",\"url\":\"https:\\\/\\\/secure.gravatar.com\\\/avatar\\\/b289ad38e278234a1ed0e1d6b7d61d73d4bf032b1098b5f138eda58e78faae35?s=96&d=mm&r=g\",\"contentUrl\":\"https:\\\/\\\/secure.gravatar.com\\\/avatar\\\/b289ad38e278234a1ed0e1d6b7d61d73d4bf032b1098b5f138eda58e78faae35?s=96&d=mm&r=g\",\"caption\":\"Anixton\"}}]}<\/script>\n<!-- \/ Yoast SEO plugin. -->","yoast_head_json":{"title":"Anixton en la Cumbre Inmobiliaria 2024 de Bruselas","description":"\u00danete a Anixton en la Cumbre Inmobiliaria de Bruselas, los d\u00edas 17 y 18 de septiembre, para debatir las tendencias del mercado, las oportunidades de inversi\u00f3n y la innovaci\u00f3n inmobiliaria.","robots":{"index":"index","follow":"follow","max-snippet":"max-snippet:-1","max-image-preview":"max-image-preview:large","max-video-preview":"max-video-preview:-1"},"canonical":"https:\/\/www.anixton.com\/es\/unete-a-anixton-en-la-cumbre-inmobiliaria-2024-en-bruselas\/","og_locale":"es_ES","og_type":"article","og_title":"Anixton en la Cumbre Inmobiliaria 2024 de Bruselas","og_description":"\u00danete a Anixton en la Cumbre Inmobiliaria de Bruselas, los d\u00edas 17 y 18 de septiembre, para debatir las tendencias del mercado, las oportunidades de inversi\u00f3n y la innovaci\u00f3n inmobiliaria.","og_url":"https:\/\/www.anixton.com\/es\/unete-a-anixton-en-la-cumbre-inmobiliaria-2024-en-bruselas\/","og_site_name":"ANIXTON","article_publisher":"https:\/\/www.facebook.com\/anixton.realestate","article_published_time":"2024-09-14T07:22:00+00:00","article_modified_time":"2024-11-27T00:17:52+00:00","og_image":[{"width":16368,"height":3469,"url":"https:\/\/www.anixton.com\/wp-content\/uploads\/2020\/02\/ANIXTON_LOGO_HORIZONTAL_for-background-Navy.png","type":"image\/png"}],"author":"Anixton","twitter_card":"summary_large_image","twitter_creator":"@anixton","twitter_site":"@anixton","twitter_misc":{"Escrito por":"Anixton"},"schema":{"@context":"https:\/\/schema.org","@graph":[{"@type":"Article","@id":"https:\/\/www.anixton.com\/es\/unete-a-anixton-en-la-cumbre-inmobiliaria-2024-en-bruselas\/#article","isPartOf":{"@id":"https:\/\/www.anixton.com\/es\/unete-a-anixton-en-la-cumbre-inmobiliaria-2024-en-bruselas\/"},"author":{"name":"Anixton","@id":"https:\/\/www.anixton.com\/es\/#\/schema\/person\/c26993d2408e0f9c37a1b168db54565d"},"headline":"\u00danete a Anixton en la Cumbre Inmobiliaria 2024 en Bruselas","datePublished":"2024-09-14T07:22:00+00:00","dateModified":"2024-11-27T00:17:52+00:00","mainEntityOfPage":{"@id":"https:\/\/www.anixton.com\/es\/unete-a-anixton-en-la-cumbre-inmobiliaria-2024-en-bruselas\/"},"wordCount":107,"publisher":{"@id":"https:\/\/www.anixton.com\/es\/#organization"},"image":{"@id":"https:\/\/www.anixton.com\/es\/unete-a-anixton-en-la-cumbre-inmobiliaria-2024-en-bruselas\/#primaryimage"},"thumbnailUrl":"https:\/\/www.anixton.com\/wp-content\/uploads\/2024\/11\/Anixton_News_2024_009_01.avif","articleSection":["Sin categorizar"],"inLanguage":"es"},{"@type":"WebPage","@id":"https:\/\/www.anixton.com\/es\/unete-a-anixton-en-la-cumbre-inmobiliaria-2024-en-bruselas\/","url":"https:\/\/www.anixton.com\/es\/unete-a-anixton-en-la-cumbre-inmobiliaria-2024-en-bruselas\/","name":"Anixton en la Cumbre Inmobiliaria 2024 de Bruselas","isPartOf":{"@id":"https:\/\/www.anixton.com\/es\/#website"},"primaryImageOfPage":{"@id":"https:\/\/www.anixton.com\/es\/unete-a-anixton-en-la-cumbre-inmobiliaria-2024-en-bruselas\/#primaryimage"},"image":{"@id":"https:\/\/www.anixton.com\/es\/unete-a-anixton-en-la-cumbre-inmobiliaria-2024-en-bruselas\/#primaryimage"},"thumbnailUrl":"https:\/\/www.anixton.com\/wp-content\/uploads\/2024\/11\/Anixton_News_2024_009_01.avif","datePublished":"2024-09-14T07:22:00+00:00","dateModified":"2024-11-27T00:17:52+00:00","description":"\u00danete a Anixton en la Cumbre Inmobiliaria de Bruselas, los d\u00edas 17 y 18 de septiembre, para debatir las tendencias del mercado, las oportunidades de inversi\u00f3n y la innovaci\u00f3n inmobiliaria.","breadcrumb":{"@id":"https:\/\/www.anixton.com\/es\/unete-a-anixton-en-la-cumbre-inmobiliaria-2024-en-bruselas\/#breadcrumb"},"inLanguage":"es","potentialAction":[{"@type":"ReadAction","target":["https:\/\/www.anixton.com\/es\/unete-a-anixton-en-la-cumbre-inmobiliaria-2024-en-bruselas\/"]}]},{"@type":"ImageObject","inLanguage":"es","@id":"https:\/\/www.anixton.com\/es\/unete-a-anixton-en-la-cumbre-inmobiliaria-2024-en-bruselas\/#primaryimage","url":"https:\/\/www.anixton.com\/wp-content\/uploads\/2024\/11\/Anixton_News_2024_009_01.avif","contentUrl":"https:\/\/www.anixton.com\/wp-content\/uploads\/2024\/11\/Anixton_News_2024_009_01.avif","width":1200,"height":800},{"@type":"BreadcrumbList","@id":"https:\/\/www.anixton.com\/es\/unete-a-anixton-en-la-cumbre-inmobiliaria-2024-en-bruselas\/#breadcrumb","itemListElement":[{"@type":"ListItem","position":1,"name":"Home","item":"https:\/\/www.anixton.com\/es\/"},{"@type":"ListItem","position":2,"name":"\u00danete a Anixton en la Cumbre Inmobiliaria 2024 en Bruselas"}]},{"@type":"WebSite","@id":"https:\/\/www.anixton.com\/es\/#website","url":"https:\/\/www.anixton.com\/es\/","name":"ANIXTON","description":"","publisher":{"@id":"https:\/\/www.anixton.com\/es\/#organization"},"potentialAction":[{"@type":"SearchAction","target":{"@type":"EntryPoint","urlTemplate":"https:\/\/www.anixton.com\/es\/?s={search_term_string}"},"query-input":{"@type":"PropertyValueSpecification","valueRequired":true,"valueName":"search_term_string"}}],"inLanguage":"es"},{"@type":"Organization","@id":"https:\/\/www.anixton.com\/es\/#organization","name":"ANIXTON","url":"https:\/\/www.anixton.com\/es\/","logo":{"@type":"ImageObject","inLanguage":"es","@id":"https:\/\/www.anixton.com\/es\/#\/schema\/logo\/image\/","url":"https:\/\/www.anixton.com\/wp-content\/uploads\/2020\/02\/ANIXTON_LOGO_HORIZONTAL_for-background-Navy.png","contentUrl":"https:\/\/www.anixton.com\/wp-content\/uploads\/2020\/02\/ANIXTON_LOGO_HORIZONTAL_for-background-Navy.png","width":16368,"height":3469,"caption":"ANIXTON"},"image":{"@id":"https:\/\/www.anixton.com\/es\/#\/schema\/logo\/image\/"},"sameAs":["https:\/\/www.facebook.com\/anixton.realestate","https:\/\/x.com\/anixton","https:\/\/www.linkedin.com\/company\/anixton\/?viewAsMember=true","https:\/\/www.tiktok.com\/@anixton.com","https:\/\/www.instagram.com\/anixton\/"]},{"@type":"Person","@id":"https:\/\/www.anixton.com\/es\/#\/schema\/person\/c26993d2408e0f9c37a1b168db54565d","name":"Anixton","image":{"@type":"ImageObject","inLanguage":"es","@id":"https:\/\/secure.gravatar.com\/avatar\/b289ad38e278234a1ed0e1d6b7d61d73d4bf032b1098b5f138eda58e78faae35?s=96&d=mm&r=g","url":"https:\/\/secure.gravatar.com\/avatar\/b289ad38e278234a1ed0e1d6b7d61d73d4bf032b1098b5f138eda58e78faae35?s=96&d=mm&r=g","contentUrl":"https:\/\/secure.gravatar.com\/avatar\/b289ad38e278234a1ed0e1d6b7d61d73d4bf032b1098b5f138eda58e78faae35?s=96&d=mm&r=g","caption":"Anixton"}}]}},"_links":{"self":[{"href":"https:\/\/www.anixton.com\/es\/wp-json\/wp\/v2\/posts\/9000","targetHints":{"allow":["GET"]}}],"collection":[{"href":"https:\/\/www.anixton.com\/es\/wp-json\/wp\/v2\/posts"}],"about":[{"href":"https:\/\/www.anixton.com\/es\/wp-json\/wp\/v2\/types\/post"}],"author":[{"embeddable":true,"href":"https:\/\/www.anixton.com\/es\/wp-json\/wp\/v2\/users\/21"}],"replies":[{"embeddable":true,"href":"https:\/\/www.anixton.com\/es\/wp-json\/wp\/v2\/comments?post=9000"}],"version-history":[{"count":1,"href":"https:\/\/www.anixton.com\/es\/wp-json\/wp\/v2\/posts\/9000\/revisions"}],"predecessor-version":[{"id":9001,"href":"https:\/\/www.anixton.com\/es\/wp-json\/wp\/v2\/posts\/9000\/revisions\/9001"}],"wp:featuredmedia":[{"embeddable":true,"href":"https:\/\/www.anixton.com\/es\/wp-json\/wp\/v2\/media\/8083"}],"wp:attachment":[{"href":"https:\/\/www.anixton.com\/es\/wp-json\/wp\/v2\/media?parent=9000"}],"wp:term":[{"taxonomy":"category","embeddable":true,"href":"https:\/\/www.anixton.com\/es\/wp-json\/wp\/v2\/categories?post=9000"},{"taxonomy":"post_tag","embeddable":true,"href":"https:\/\/www.anixton.com\/es\/wp-json\/wp\/v2\/tags?post=9000"}],"curies":[{"name":"wp","href":"https:\/\/api.w.org\/{rel}","templated":true}]}}