{"id":9015,"date":"2024-06-25T07:25:00","date_gmt":"2024-06-25T07:25:00","guid":{"rendered":"https:\/\/www.anixton.com\/anixton-consigue-un-importante-contrato-de-alquiler-con-bruxelles-proprete\/"},"modified":"2024-11-27T00:56:28","modified_gmt":"2024-11-27T00:56:28","slug":"anixton-consigue-un-importante-contrato-de-alquiler-con-bruxelles-proprete","status":"publish","type":"post","link":"https:\/\/www.anixton.com\/es\/anixton-consigue-un-importante-contrato-de-alquiler-con-bruxelles-proprete\/","title":{"rendered":"Anixton consigue un importante contrato de alquiler con Bruxelles-Propret\u00e9"},"content":{"rendered":"\t\t<div data-elementor-type=\"wp-post\" data-elementor-id=\"9015\" class=\"elementor elementor-9015 elementor-6687\" data-elementor-post-type=\"post\">\n\t\t\t\t<div class=\"elementor-element elementor-element-3ba442a e-flex e-con-boxed e-con e-parent\" data-id=\"3ba442a\" data-element_type=\"container\" data-e-type=\"container\">\n\t\t\t\t\t<div class=\"e-con-inner\">\n\t\t\t\t<div class=\"elementor-element elementor-element-e72aa49 elementor-invisible elementor-widget elementor-widget-heading\" data-id=\"e72aa49\" data-element_type=\"widget\" data-e-type=\"widget\" data-settings=\"{&quot;_animation&quot;:&quot;fadeIn&quot;}\" data-widget_type=\"heading.default\">\n\t\t\t\t<div class=\"elementor-widget-container\">\n\t\t\t\t\t<h2 class=\"elementor-heading-title elementor-size-default\">Alquiler con \u00e9xito de 5.000 m\u00b2 para mejorar las operaciones del sector p\u00fablico<\/h2>\t\t\t\t<\/div>\n\t\t\t\t<\/div>\n\t\t\t\t<div class=\"elementor-element elementor-element-99984e8 elementor-invisible elementor-widget elementor-widget-text-editor\" data-id=\"99984e8\" data-element_type=\"widget\" data-e-type=\"widget\" data-settings=\"{&quot;_animation&quot;:&quot;fadeIn&quot;,&quot;_animation_delay&quot;:600}\" data-widget_type=\"text-editor.default\">\n\t\t\t\t<div class=\"elementor-widget-container\">\n\t\t\t\t\t\t\t\t\t<p>Anixton ha mediado con \u00e9xito en el alquiler de m\u00e1s de 5.000 m\u00b2 de oficinas de primera categor\u00eda a Bruxelles-Propret\u00e9, una importante entidad p\u00fablica de la Regi\u00f3n de Bruselas-Capital. Esta importante operaci\u00f3n pone de relieve nuestra experiencia en la consecuci\u00f3n de operaciones de alto nivel y en la oferta de soluciones inmobiliarias a medida para satisfacer las necesidades de los clientes del sector p\u00fablico.<\/p>\n\t\t\t\t\t\t\t\t<\/div>\n\t\t\t\t<\/div>\n\t\t\t\t<div class=\"elementor-element elementor-element-b651f39 elementor-widget__width-inherit elementor-widget elementor-widget-image\" data-id=\"b651f39\" data-element_type=\"widget\" data-e-type=\"widget\" data-widget_type=\"image.default\">\n\t\t\t\t<div class=\"elementor-widget-container\">\n\t\t\t\t\t\t\t\t\t\t\t\t\t\t\t<img fetchpriority=\"high\" decoding=\"async\" width=\"1170\" height=\"738\" src=\"https:\/\/www.anixton.com\/wp-content\/uploads\/2024\/11\/Anixton_News_2024_008_01.jpg\" class=\"attachment-full size-full wp-image-8086\" alt=\"\" srcset=\"https:\/\/www.anixton.com\/wp-content\/uploads\/2024\/11\/Anixton_News_2024_008_01.jpg 1170w, https:\/\/www.anixton.com\/wp-content\/uploads\/2024\/11\/Anixton_News_2024_008_01-300x189.jpg 300w, https:\/\/www.anixton.com\/wp-content\/uploads\/2024\/11\/Anixton_News_2024_008_01-1024x646.jpg 1024w, https:\/\/www.anixton.com\/wp-content\/uploads\/2024\/11\/Anixton_News_2024_008_01-768x484.jpg 768w\" sizes=\"(max-width: 1170px) 100vw, 1170px\" \/>\t\t\t\t\t\t\t\t\t\t\t\t\t\t\t<\/div>\n\t\t\t\t<\/div>\n\t\t\t\t\t<\/div>\n\t\t\t\t<\/div>\n\t\t\t\t<\/div>\n\t\t","protected":false},"excerpt":{"rendered":"<p>Alquiler con \u00e9xito de 5.000 m\u00b2 para mejorar las operaciones del sector p\u00fablico Anixton ha mediado con \u00e9xito en el alquiler de m\u00e1s de 5.000 m\u00b2 de oficinas de primera categor\u00eda a Bruxelles-Propret\u00e9, una importante entidad p\u00fablica de la Regi\u00f3n de Bruselas-Capital. Esta importante operaci\u00f3n pone de relieve nuestra experiencia en la consecuci\u00f3n de operaciones [&hellip;]<\/p>\n","protected":false},"author":21,"featured_media":8086,"comment_status":"closed","ping_status":"open","sticky":false,"template":"","format":"standard","meta":{"site-sidebar-layout":"default","site-content-layout":"","ast-site-content-layout":"default","site-content-style":"default","site-sidebar-style":"default","ast-global-header-display":"","ast-banner-title-visibility":"","ast-main-header-display":"","ast-hfb-above-header-display":"","ast-hfb-below-header-display":"","ast-hfb-mobile-header-display":"","site-post-title":"","ast-breadcrumbs-content":"","ast-featured-img":"","footer-sml-layout":"","ast-disable-related-posts":"","theme-transparent-header-meta":"","adv-header-id-meta":"","stick-header-meta":"","header-above-stick-meta":"","header-main-stick-meta":"","header-below-stick-meta":"","astra-migrate-meta-layouts":"default","ast-page-background-enabled":"default","ast-page-background-meta":{"desktop":{"background-color":"","background-image":"","background-repeat":"repeat","background-position":"center center","background-size":"auto","background-attachment":"scroll","background-type":"","background-media":"","overlay-type":"","overlay-color":"","overlay-opacity":"","overlay-gradient":""},"tablet":{"background-color":"","background-image":"","background-repeat":"repeat","background-position":"center center","background-size":"auto","background-attachment":"scroll","background-type":"","background-media":"","overlay-type":"","overlay-color":"","overlay-opacity":"","overlay-gradient":""},"mobile":{"background-color":"","background-image":"","background-repeat":"repeat","background-position":"center center","background-size":"auto","background-attachment":"scroll","background-type":"","background-media":"","overlay-type":"","overlay-color":"","overlay-opacity":"","overlay-gradient":""}},"ast-content-background-meta":{"desktop":{"background-color":"var(--ast-global-color-5)","background-image":"","background-repeat":"repeat","background-position":"center center","background-size":"auto","background-attachment":"scroll","background-type":"","background-media":"","overlay-type":"","overlay-color":"","overlay-opacity":"","overlay-gradient":""},"tablet":{"background-color":"var(--ast-global-color-5)","background-image":"","background-repeat":"repeat","background-position":"center center","background-size":"auto","background-attachment":"scroll","background-type":"","background-media":"","overlay-type":"","overlay-color":"","overlay-opacity":"","overlay-gradient":""},"mobile":{"background-color":"var(--ast-global-color-5)","background-image":"","background-repeat":"repeat","background-position":"center center","background-size":"auto","background-attachment":"scroll","background-type":"","background-media":"","overlay-type":"","overlay-color":"","overlay-opacity":"","overlay-gradient":""}},"footnotes":""},"categories":[42],"tags":[],"class_list":["post-9015","post","type-post","status-publish","format-standard","has-post-thumbnail","hentry","category-sin-categorizar"],"yoast_head":"<!-- This site is optimized with the Yoast SEO plugin v27.4 - https:\/\/yoast.com\/product\/yoast-seo-wordpress\/ -->\n<title>Anixton consigue un alquiler de 5.000 m\u00b2 con Bruxelles-Propret\u00e9<\/title>\n<meta name=\"description\" content=\"Anixton finaliza el alquiler de 5.000 m\u00b2 de oficinas para Bruxelles-Propret\u00e9, mostrando su experiencia en soluciones inmobiliarias a medida para clientes del sector p\u00fablico.\" \/>\n<meta name=\"robots\" content=\"index, follow, max-snippet:-1, max-image-preview:large, max-video-preview:-1\" \/>\n<link rel=\"canonical\" href=\"https:\/\/www.anixton.com\/es\/anixton-consigue-un-importante-contrato-de-alquiler-con-bruxelles-proprete\/\" \/>\n<meta property=\"og:locale\" content=\"es_ES\" \/>\n<meta property=\"og:type\" content=\"article\" \/>\n<meta property=\"og:title\" content=\"Anixton consigue un alquiler de 5.000 m\u00b2 con Bruxelles-Propret\u00e9\" \/>\n<meta property=\"og:description\" content=\"Anixton finaliza el alquiler de 5.000 m\u00b2 de oficinas para Bruxelles-Propret\u00e9, mostrando su experiencia en soluciones inmobiliarias a medida para clientes del sector p\u00fablico.\" \/>\n<meta property=\"og:url\" content=\"https:\/\/www.anixton.com\/es\/anixton-consigue-un-importante-contrato-de-alquiler-con-bruxelles-proprete\/\" \/>\n<meta property=\"og:site_name\" content=\"ANIXTON\" \/>\n<meta property=\"article:publisher\" content=\"https:\/\/www.facebook.com\/anixton.realestate\" \/>\n<meta property=\"article:published_time\" content=\"2024-06-25T07:25:00+00:00\" \/>\n<meta property=\"article:modified_time\" content=\"2024-11-27T00:56:28+00:00\" \/>\n<meta property=\"og:image\" content=\"https:\/\/www.anixton.com\/wp-content\/uploads\/2020\/02\/ANIXTON_LOGO_HORIZONTAL_for-background-Navy.png\" \/>\n\t<meta property=\"og:image:width\" content=\"16368\" \/>\n\t<meta property=\"og:image:height\" content=\"3469\" \/>\n\t<meta property=\"og:image:type\" content=\"image\/png\" \/><meta property=\"og:image\" content=\"https:\/\/www.anixton.com\/wp-content\/uploads\/2024\/11\/Anixton_News_2024_008_01.jpg\" \/>\n\t<meta property=\"og:image:width\" content=\"1170\" \/>\n\t<meta property=\"og:image:height\" content=\"738\" \/>\n\t<meta property=\"og:image:type\" content=\"image\/jpeg\" \/>\n<meta name=\"author\" content=\"Anixton\" \/>\n<meta name=\"twitter:card\" content=\"summary_large_image\" \/>\n<meta name=\"twitter:creator\" content=\"@anixton\" \/>\n<meta name=\"twitter:site\" content=\"@anixton\" \/>\n<meta name=\"twitter:label1\" content=\"Escrito por\" \/>\n\t<meta name=\"twitter:data1\" content=\"Anixton\" \/>\n<script type=\"application\/ld+json\" class=\"yoast-schema-graph\">{\"@context\":\"https:\\\/\\\/schema.org\",\"@graph\":[{\"@type\":\"Article\",\"@id\":\"https:\\\/\\\/www.anixton.com\\\/es\\\/anixton-consigue-un-importante-contrato-de-alquiler-con-bruxelles-proprete\\\/#article\",\"isPartOf\":{\"@id\":\"https:\\\/\\\/www.anixton.com\\\/es\\\/anixton-consigue-un-importante-contrato-de-alquiler-con-bruxelles-proprete\\\/\"},\"author\":{\"name\":\"Anixton\",\"@id\":\"https:\\\/\\\/www.anixton.com\\\/es\\\/#\\\/schema\\\/person\\\/c26993d2408e0f9c37a1b168db54565d\"},\"headline\":\"Anixton consigue un importante contrato de alquiler con Bruxelles-Propret\u00e9\",\"datePublished\":\"2024-06-25T07:25:00+00:00\",\"dateModified\":\"2024-11-27T00:56:28+00:00\",\"mainEntityOfPage\":{\"@id\":\"https:\\\/\\\/www.anixton.com\\\/es\\\/anixton-consigue-un-importante-contrato-de-alquiler-con-bruxelles-proprete\\\/\"},\"wordCount\":92,\"publisher\":{\"@id\":\"https:\\\/\\\/www.anixton.com\\\/es\\\/#organization\"},\"image\":{\"@id\":\"https:\\\/\\\/www.anixton.com\\\/es\\\/anixton-consigue-un-importante-contrato-de-alquiler-con-bruxelles-proprete\\\/#primaryimage\"},\"thumbnailUrl\":\"https:\\\/\\\/www.anixton.com\\\/wp-content\\\/uploads\\\/2024\\\/11\\\/Anixton_News_2024_008_01.jpg\",\"articleSection\":[\"Sin categorizar\"],\"inLanguage\":\"es\"},{\"@type\":\"WebPage\",\"@id\":\"https:\\\/\\\/www.anixton.com\\\/es\\\/anixton-consigue-un-importante-contrato-de-alquiler-con-bruxelles-proprete\\\/\",\"url\":\"https:\\\/\\\/www.anixton.com\\\/es\\\/anixton-consigue-un-importante-contrato-de-alquiler-con-bruxelles-proprete\\\/\",\"name\":\"Anixton consigue un alquiler de 5.000 m\u00b2 con Bruxelles-Propret\u00e9\",\"isPartOf\":{\"@id\":\"https:\\\/\\\/www.anixton.com\\\/es\\\/#website\"},\"primaryImageOfPage\":{\"@id\":\"https:\\\/\\\/www.anixton.com\\\/es\\\/anixton-consigue-un-importante-contrato-de-alquiler-con-bruxelles-proprete\\\/#primaryimage\"},\"image\":{\"@id\":\"https:\\\/\\\/www.anixton.com\\\/es\\\/anixton-consigue-un-importante-contrato-de-alquiler-con-bruxelles-proprete\\\/#primaryimage\"},\"thumbnailUrl\":\"https:\\\/\\\/www.anixton.com\\\/wp-content\\\/uploads\\\/2024\\\/11\\\/Anixton_News_2024_008_01.jpg\",\"datePublished\":\"2024-06-25T07:25:00+00:00\",\"dateModified\":\"2024-11-27T00:56:28+00:00\",\"description\":\"Anixton finaliza el alquiler de 5.000 m\u00b2 de oficinas para Bruxelles-Propret\u00e9, mostrando su experiencia en soluciones inmobiliarias a medida para clientes del sector p\u00fablico.\",\"breadcrumb\":{\"@id\":\"https:\\\/\\\/www.anixton.com\\\/es\\\/anixton-consigue-un-importante-contrato-de-alquiler-con-bruxelles-proprete\\\/#breadcrumb\"},\"inLanguage\":\"es\",\"potentialAction\":[{\"@type\":\"ReadAction\",\"target\":[\"https:\\\/\\\/www.anixton.com\\\/es\\\/anixton-consigue-un-importante-contrato-de-alquiler-con-bruxelles-proprete\\\/\"]}]},{\"@type\":\"ImageObject\",\"inLanguage\":\"es\",\"@id\":\"https:\\\/\\\/www.anixton.com\\\/es\\\/anixton-consigue-un-importante-contrato-de-alquiler-con-bruxelles-proprete\\\/#primaryimage\",\"url\":\"https:\\\/\\\/www.anixton.com\\\/wp-content\\\/uploads\\\/2024\\\/11\\\/Anixton_News_2024_008_01.jpg\",\"contentUrl\":\"https:\\\/\\\/www.anixton.com\\\/wp-content\\\/uploads\\\/2024\\\/11\\\/Anixton_News_2024_008_01.jpg\",\"width\":1170,\"height\":738},{\"@type\":\"BreadcrumbList\",\"@id\":\"https:\\\/\\\/www.anixton.com\\\/es\\\/anixton-consigue-un-importante-contrato-de-alquiler-con-bruxelles-proprete\\\/#breadcrumb\",\"itemListElement\":[{\"@type\":\"ListItem\",\"position\":1,\"name\":\"Home\",\"item\":\"https:\\\/\\\/www.anixton.com\\\/es\\\/\"},{\"@type\":\"ListItem\",\"position\":2,\"name\":\"Anixton consigue un importante contrato de alquiler con Bruxelles-Propret\u00e9\"}]},{\"@type\":\"WebSite\",\"@id\":\"https:\\\/\\\/www.anixton.com\\\/es\\\/#website\",\"url\":\"https:\\\/\\\/www.anixton.com\\\/es\\\/\",\"name\":\"ANIXTON\",\"description\":\"\",\"publisher\":{\"@id\":\"https:\\\/\\\/www.anixton.com\\\/es\\\/#organization\"},\"potentialAction\":[{\"@type\":\"SearchAction\",\"target\":{\"@type\":\"EntryPoint\",\"urlTemplate\":\"https:\\\/\\\/www.anixton.com\\\/es\\\/?s={search_term_string}\"},\"query-input\":{\"@type\":\"PropertyValueSpecification\",\"valueRequired\":true,\"valueName\":\"search_term_string\"}}],\"inLanguage\":\"es\"},{\"@type\":\"Organization\",\"@id\":\"https:\\\/\\\/www.anixton.com\\\/es\\\/#organization\",\"name\":\"ANIXTON\",\"url\":\"https:\\\/\\\/www.anixton.com\\\/es\\\/\",\"logo\":{\"@type\":\"ImageObject\",\"inLanguage\":\"es\",\"@id\":\"https:\\\/\\\/www.anixton.com\\\/es\\\/#\\\/schema\\\/logo\\\/image\\\/\",\"url\":\"https:\\\/\\\/www.anixton.com\\\/wp-content\\\/uploads\\\/2020\\\/02\\\/ANIXTON_LOGO_HORIZONTAL_for-background-Navy.png\",\"contentUrl\":\"https:\\\/\\\/www.anixton.com\\\/wp-content\\\/uploads\\\/2020\\\/02\\\/ANIXTON_LOGO_HORIZONTAL_for-background-Navy.png\",\"width\":16368,\"height\":3469,\"caption\":\"ANIXTON\"},\"image\":{\"@id\":\"https:\\\/\\\/www.anixton.com\\\/es\\\/#\\\/schema\\\/logo\\\/image\\\/\"},\"sameAs\":[\"https:\\\/\\\/www.facebook.com\\\/anixton.realestate\",\"https:\\\/\\\/x.com\\\/anixton\",\"https:\\\/\\\/www.linkedin.com\\\/company\\\/anixton\\\/?viewAsMember=true\",\"https:\\\/\\\/www.tiktok.com\\\/@anixton.com\",\"https:\\\/\\\/www.instagram.com\\\/anixton\\\/\"]},{\"@type\":\"Person\",\"@id\":\"https:\\\/\\\/www.anixton.com\\\/es\\\/#\\\/schema\\\/person\\\/c26993d2408e0f9c37a1b168db54565d\",\"name\":\"Anixton\",\"image\":{\"@type\":\"ImageObject\",\"inLanguage\":\"es\",\"@id\":\"https:\\\/\\\/secure.gravatar.com\\\/avatar\\\/b289ad38e278234a1ed0e1d6b7d61d73d4bf032b1098b5f138eda58e78faae35?s=96&d=mm&r=g\",\"url\":\"https:\\\/\\\/secure.gravatar.com\\\/avatar\\\/b289ad38e278234a1ed0e1d6b7d61d73d4bf032b1098b5f138eda58e78faae35?s=96&d=mm&r=g\",\"contentUrl\":\"https:\\\/\\\/secure.gravatar.com\\\/avatar\\\/b289ad38e278234a1ed0e1d6b7d61d73d4bf032b1098b5f138eda58e78faae35?s=96&d=mm&r=g\",\"caption\":\"Anixton\"}}]}<\/script>\n<!-- \/ Yoast SEO plugin. -->","yoast_head_json":{"title":"Anixton consigue un alquiler de 5.000 m\u00b2 con Bruxelles-Propret\u00e9","description":"Anixton finaliza el alquiler de 5.000 m\u00b2 de oficinas para Bruxelles-Propret\u00e9, mostrando su experiencia en soluciones inmobiliarias a medida para clientes del sector p\u00fablico.","robots":{"index":"index","follow":"follow","max-snippet":"max-snippet:-1","max-image-preview":"max-image-preview:large","max-video-preview":"max-video-preview:-1"},"canonical":"https:\/\/www.anixton.com\/es\/anixton-consigue-un-importante-contrato-de-alquiler-con-bruxelles-proprete\/","og_locale":"es_ES","og_type":"article","og_title":"Anixton consigue un alquiler de 5.000 m\u00b2 con Bruxelles-Propret\u00e9","og_description":"Anixton finaliza el alquiler de 5.000 m\u00b2 de oficinas para Bruxelles-Propret\u00e9, mostrando su experiencia en soluciones inmobiliarias a medida para clientes del sector p\u00fablico.","og_url":"https:\/\/www.anixton.com\/es\/anixton-consigue-un-importante-contrato-de-alquiler-con-bruxelles-proprete\/","og_site_name":"ANIXTON","article_publisher":"https:\/\/www.facebook.com\/anixton.realestate","article_published_time":"2024-06-25T07:25:00+00:00","article_modified_time":"2024-11-27T00:56:28+00:00","og_image":[{"width":16368,"height":3469,"url":"https:\/\/www.anixton.com\/wp-content\/uploads\/2020\/02\/ANIXTON_LOGO_HORIZONTAL_for-background-Navy.png","type":"image\/png"},{"width":1170,"height":738,"url":"https:\/\/www.anixton.com\/wp-content\/uploads\/2024\/11\/Anixton_News_2024_008_01.jpg","type":"image\/jpeg"}],"author":"Anixton","twitter_card":"summary_large_image","twitter_creator":"@anixton","twitter_site":"@anixton","twitter_misc":{"Escrito por":"Anixton"},"schema":{"@context":"https:\/\/schema.org","@graph":[{"@type":"Article","@id":"https:\/\/www.anixton.com\/es\/anixton-consigue-un-importante-contrato-de-alquiler-con-bruxelles-proprete\/#article","isPartOf":{"@id":"https:\/\/www.anixton.com\/es\/anixton-consigue-un-importante-contrato-de-alquiler-con-bruxelles-proprete\/"},"author":{"name":"Anixton","@id":"https:\/\/www.anixton.com\/es\/#\/schema\/person\/c26993d2408e0f9c37a1b168db54565d"},"headline":"Anixton consigue un importante contrato de alquiler con Bruxelles-Propret\u00e9","datePublished":"2024-06-25T07:25:00+00:00","dateModified":"2024-11-27T00:56:28+00:00","mainEntityOfPage":{"@id":"https:\/\/www.anixton.com\/es\/anixton-consigue-un-importante-contrato-de-alquiler-con-bruxelles-proprete\/"},"wordCount":92,"publisher":{"@id":"https:\/\/www.anixton.com\/es\/#organization"},"image":{"@id":"https:\/\/www.anixton.com\/es\/anixton-consigue-un-importante-contrato-de-alquiler-con-bruxelles-proprete\/#primaryimage"},"thumbnailUrl":"https:\/\/www.anixton.com\/wp-content\/uploads\/2024\/11\/Anixton_News_2024_008_01.jpg","articleSection":["Sin categorizar"],"inLanguage":"es"},{"@type":"WebPage","@id":"https:\/\/www.anixton.com\/es\/anixton-consigue-un-importante-contrato-de-alquiler-con-bruxelles-proprete\/","url":"https:\/\/www.anixton.com\/es\/anixton-consigue-un-importante-contrato-de-alquiler-con-bruxelles-proprete\/","name":"Anixton consigue un alquiler de 5.000 m\u00b2 con Bruxelles-Propret\u00e9","isPartOf":{"@id":"https:\/\/www.anixton.com\/es\/#website"},"primaryImageOfPage":{"@id":"https:\/\/www.anixton.com\/es\/anixton-consigue-un-importante-contrato-de-alquiler-con-bruxelles-proprete\/#primaryimage"},"image":{"@id":"https:\/\/www.anixton.com\/es\/anixton-consigue-un-importante-contrato-de-alquiler-con-bruxelles-proprete\/#primaryimage"},"thumbnailUrl":"https:\/\/www.anixton.com\/wp-content\/uploads\/2024\/11\/Anixton_News_2024_008_01.jpg","datePublished":"2024-06-25T07:25:00+00:00","dateModified":"2024-11-27T00:56:28+00:00","description":"Anixton finaliza el alquiler de 5.000 m\u00b2 de oficinas para Bruxelles-Propret\u00e9, mostrando su experiencia en soluciones inmobiliarias a medida para clientes del sector p\u00fablico.","breadcrumb":{"@id":"https:\/\/www.anixton.com\/es\/anixton-consigue-un-importante-contrato-de-alquiler-con-bruxelles-proprete\/#breadcrumb"},"inLanguage":"es","potentialAction":[{"@type":"ReadAction","target":["https:\/\/www.anixton.com\/es\/anixton-consigue-un-importante-contrato-de-alquiler-con-bruxelles-proprete\/"]}]},{"@type":"ImageObject","inLanguage":"es","@id":"https:\/\/www.anixton.com\/es\/anixton-consigue-un-importante-contrato-de-alquiler-con-bruxelles-proprete\/#primaryimage","url":"https:\/\/www.anixton.com\/wp-content\/uploads\/2024\/11\/Anixton_News_2024_008_01.jpg","contentUrl":"https:\/\/www.anixton.com\/wp-content\/uploads\/2024\/11\/Anixton_News_2024_008_01.jpg","width":1170,"height":738},{"@type":"BreadcrumbList","@id":"https:\/\/www.anixton.com\/es\/anixton-consigue-un-importante-contrato-de-alquiler-con-bruxelles-proprete\/#breadcrumb","itemListElement":[{"@type":"ListItem","position":1,"name":"Home","item":"https:\/\/www.anixton.com\/es\/"},{"@type":"ListItem","position":2,"name":"Anixton consigue un importante contrato de alquiler con Bruxelles-Propret\u00e9"}]},{"@type":"WebSite","@id":"https:\/\/www.anixton.com\/es\/#website","url":"https:\/\/www.anixton.com\/es\/","name":"ANIXTON","description":"","publisher":{"@id":"https:\/\/www.anixton.com\/es\/#organization"},"potentialAction":[{"@type":"SearchAction","target":{"@type":"EntryPoint","urlTemplate":"https:\/\/www.anixton.com\/es\/?s={search_term_string}"},"query-input":{"@type":"PropertyValueSpecification","valueRequired":true,"valueName":"search_term_string"}}],"inLanguage":"es"},{"@type":"Organization","@id":"https:\/\/www.anixton.com\/es\/#organization","name":"ANIXTON","url":"https:\/\/www.anixton.com\/es\/","logo":{"@type":"ImageObject","inLanguage":"es","@id":"https:\/\/www.anixton.com\/es\/#\/schema\/logo\/image\/","url":"https:\/\/www.anixton.com\/wp-content\/uploads\/2020\/02\/ANIXTON_LOGO_HORIZONTAL_for-background-Navy.png","contentUrl":"https:\/\/www.anixton.com\/wp-content\/uploads\/2020\/02\/ANIXTON_LOGO_HORIZONTAL_for-background-Navy.png","width":16368,"height":3469,"caption":"ANIXTON"},"image":{"@id":"https:\/\/www.anixton.com\/es\/#\/schema\/logo\/image\/"},"sameAs":["https:\/\/www.facebook.com\/anixton.realestate","https:\/\/x.com\/anixton","https:\/\/www.linkedin.com\/company\/anixton\/?viewAsMember=true","https:\/\/www.tiktok.com\/@anixton.com","https:\/\/www.instagram.com\/anixton\/"]},{"@type":"Person","@id":"https:\/\/www.anixton.com\/es\/#\/schema\/person\/c26993d2408e0f9c37a1b168db54565d","name":"Anixton","image":{"@type":"ImageObject","inLanguage":"es","@id":"https:\/\/secure.gravatar.com\/avatar\/b289ad38e278234a1ed0e1d6b7d61d73d4bf032b1098b5f138eda58e78faae35?s=96&d=mm&r=g","url":"https:\/\/secure.gravatar.com\/avatar\/b289ad38e278234a1ed0e1d6b7d61d73d4bf032b1098b5f138eda58e78faae35?s=96&d=mm&r=g","contentUrl":"https:\/\/secure.gravatar.com\/avatar\/b289ad38e278234a1ed0e1d6b7d61d73d4bf032b1098b5f138eda58e78faae35?s=96&d=mm&r=g","caption":"Anixton"}}]}},"_links":{"self":[{"href":"https:\/\/www.anixton.com\/es\/wp-json\/wp\/v2\/posts\/9015","targetHints":{"allow":["GET"]}}],"collection":[{"href":"https:\/\/www.anixton.com\/es\/wp-json\/wp\/v2\/posts"}],"about":[{"href":"https:\/\/www.anixton.com\/es\/wp-json\/wp\/v2\/types\/post"}],"author":[{"embeddable":true,"href":"https:\/\/www.anixton.com\/es\/wp-json\/wp\/v2\/users\/21"}],"replies":[{"embeddable":true,"href":"https:\/\/www.anixton.com\/es\/wp-json\/wp\/v2\/comments?post=9015"}],"version-history":[{"count":1,"href":"https:\/\/www.anixton.com\/es\/wp-json\/wp\/v2\/posts\/9015\/revisions"}],"predecessor-version":[{"id":9016,"href":"https:\/\/www.anixton.com\/es\/wp-json\/wp\/v2\/posts\/9015\/revisions\/9016"}],"wp:featuredmedia":[{"embeddable":true,"href":"https:\/\/www.anixton.com\/es\/wp-json\/wp\/v2\/media\/8086"}],"wp:attachment":[{"href":"https:\/\/www.anixton.com\/es\/wp-json\/wp\/v2\/media?parent=9015"}],"wp:term":[{"taxonomy":"category","embeddable":true,"href":"https:\/\/www.anixton.com\/es\/wp-json\/wp\/v2\/categories?post=9015"},{"taxonomy":"post_tag","embeddable":true,"href":"https:\/\/www.anixton.com\/es\/wp-json\/wp\/v2\/tags?post=9015"}],"curies":[{"name":"wp","href":"https:\/\/api.w.org\/{rel}","templated":true}]}}