{"id":9020,"date":"2024-04-26T07:27:00","date_gmt":"2024-04-26T07:27:00","guid":{"rendered":"https:\/\/www.anixton.com\/anixton-asesora-en-la-venta-estrategica-de-la-residencia-de-ancianos-van-zande\/"},"modified":"2024-11-27T00:56:31","modified_gmt":"2024-11-27T00:56:31","slug":"anixton-asesora-en-la-venta-estrategica-de-la-residencia-de-ancianos-van-zande","status":"publish","type":"post","link":"https:\/\/www.anixton.com\/es\/anixton-asesora-en-la-venta-estrategica-de-la-residencia-de-ancianos-van-zande\/","title":{"rendered":"Anixton asesora en la venta estrat\u00e9gica de la residencia de ancianos Van Zande"},"content":{"rendered":"\t\t<div data-elementor-type=\"wp-post\" data-elementor-id=\"9020\" class=\"elementor elementor-9020 elementor-6693\" data-elementor-post-type=\"post\">\n\t\t\t\t<div class=\"elementor-element elementor-element-11987fa e-flex e-con-boxed e-con e-parent\" data-id=\"11987fa\" data-element_type=\"container\" data-e-type=\"container\">\n\t\t\t\t\t<div class=\"e-con-inner\">\n\t\t\t\t<div class=\"elementor-element elementor-element-7ce7ee4 elementor-invisible elementor-widget elementor-widget-heading\" data-id=\"7ce7ee4\" data-element_type=\"widget\" data-e-type=\"widget\" data-settings=\"{&quot;_animation&quot;:&quot;fadeIn&quot;}\" data-widget_type=\"heading.default\">\n\t\t\t\t<div class=\"elementor-widget-container\">\n\t\t\t\t\t<h2 class=\"elementor-heading-title elementor-size-default\">Funci\u00f3n de asesoramiento estrat\u00e9gico en la transformaci\u00f3n de un Activo sanitario clave<\/h2>\t\t\t\t<\/div>\n\t\t\t\t<\/div>\n\t\t\t\t<div class=\"elementor-element elementor-element-d16fcd7 elementor-invisible elementor-widget elementor-widget-text-editor\" data-id=\"d16fcd7\" data-element_type=\"widget\" data-e-type=\"widget\" data-settings=\"{&quot;_animation&quot;:&quot;fadeIn&quot;,&quot;_animation_delay&quot;:600}\" data-widget_type=\"text-editor.default\">\n\t\t\t\t<div class=\"elementor-widget-container\">\n\t\t\t\t\t\t\t\t\t<p>Anixton actu\u00f3 como asesor de confianza en la venta de la residencia de ancianos Van Zande, un inmueble de 3.500 m\u00b2 en Bruselas, al Centre Hospitalier Jean Titeca. El solar se transformar\u00e1 en un centro de atenci\u00f3n psiqui\u00e1trica especializada, que contribuir\u00e1 a la infraestructura sanitaria de la regi\u00f3n. <\/p>\n\t\t\t\t\t\t\t\t<\/div>\n\t\t\t\t<\/div>\n\t\t\t\t<div class=\"elementor-element elementor-element-9e58606 elementor-widget__width-inherit elementor-widget elementor-widget-image\" data-id=\"9e58606\" data-element_type=\"widget\" data-e-type=\"widget\" data-widget_type=\"image.default\">\n\t\t\t\t<div class=\"elementor-widget-container\">\n\t\t\t\t\t\t\t\t\t\t\t\t\t\t\t<img fetchpriority=\"high\" decoding=\"async\" width=\"1020\" height=\"560\" src=\"https:\/\/www.anixton.com\/wp-content\/uploads\/2024\/04\/Anixton_News_2024_007_01.jpeg\" class=\"attachment-full size-full wp-image-8089\" alt=\"\" srcset=\"https:\/\/www.anixton.com\/wp-content\/uploads\/2024\/04\/Anixton_News_2024_007_01.jpeg 1020w, https:\/\/www.anixton.com\/wp-content\/uploads\/2024\/04\/Anixton_News_2024_007_01-300x165.jpeg 300w, https:\/\/www.anixton.com\/wp-content\/uploads\/2024\/04\/Anixton_News_2024_007_01-768x422.jpeg 768w\" sizes=\"(max-width: 1020px) 100vw, 1020px\" \/>\t\t\t\t\t\t\t\t\t\t\t\t\t\t\t<\/div>\n\t\t\t\t<\/div>\n\t\t\t\t<div class=\"elementor-element elementor-element-aa2211c elementor-invisible elementor-widget elementor-widget-text-editor\" data-id=\"aa2211c\" data-element_type=\"widget\" data-e-type=\"widget\" data-settings=\"{&quot;_animation&quot;:&quot;fadeIn&quot;,&quot;_animation_delay&quot;:600}\" data-widget_type=\"text-editor.default\">\n\t\t\t\t<div class=\"elementor-widget-container\">\n\t\t\t\t\t\t\t\t\t<p>Adem\u00e1s, Anixton desempe\u00f1\u00f3 un papel fundamental en la negociaci\u00f3n de un Acuerdo de Ocupaci\u00f3n Temporal (COT) en el que participaron la Regi\u00f3n de Bruselas-Capital, el grupo de familias sin hogar que ocupaban el solar y el nuevo propietario. Este acuerdo garantiz\u00f3 la ocupaci\u00f3n legal y segura del solar, impidiendo el desalojo de m\u00e1s de 100 personas, entre ellas numerosas familias con ni\u00f1os. <\/p>\n\t\t\t\t\t\t\t\t<\/div>\n\t\t\t\t<\/div>\n\t\t\t\t\t<\/div>\n\t\t\t\t<\/div>\n\t\t\t\t<\/div>\n\t\t","protected":false},"excerpt":{"rendered":"<p>Funci\u00f3n de asesoramiento estrat\u00e9gico en la transformaci\u00f3n de un Activo sanitario clave Anixton actu\u00f3 como asesor de confianza en la venta de la residencia de ancianos Van Zande, un inmueble de 3.500 m\u00b2 en Bruselas, al Centre Hospitalier Jean Titeca. El solar se transformar\u00e1 en un centro de atenci\u00f3n psiqui\u00e1trica especializada, que contribuir\u00e1 a la [&hellip;]<\/p>\n","protected":false},"author":21,"featured_media":8089,"comment_status":"closed","ping_status":"open","sticky":false,"template":"","format":"standard","meta":{"site-sidebar-layout":"default","site-content-layout":"","ast-site-content-layout":"default","site-content-style":"default","site-sidebar-style":"default","ast-global-header-display":"","ast-banner-title-visibility":"","ast-main-header-display":"","ast-hfb-above-header-display":"","ast-hfb-below-header-display":"","ast-hfb-mobile-header-display":"","site-post-title":"","ast-breadcrumbs-content":"","ast-featured-img":"","footer-sml-layout":"","ast-disable-related-posts":"","theme-transparent-header-meta":"","adv-header-id-meta":"","stick-header-meta":"","header-above-stick-meta":"","header-main-stick-meta":"","header-below-stick-meta":"","astra-migrate-meta-layouts":"default","ast-page-background-enabled":"default","ast-page-background-meta":{"desktop":{"background-color":"","background-image":"","background-repeat":"repeat","background-position":"center center","background-size":"auto","background-attachment":"scroll","background-type":"","background-media":"","overlay-type":"","overlay-color":"","overlay-opacity":"","overlay-gradient":""},"tablet":{"background-color":"","background-image":"","background-repeat":"repeat","background-position":"center center","background-size":"auto","background-attachment":"scroll","background-type":"","background-media":"","overlay-type":"","overlay-color":"","overlay-opacity":"","overlay-gradient":""},"mobile":{"background-color":"","background-image":"","background-repeat":"repeat","background-position":"center center","background-size":"auto","background-attachment":"scroll","background-type":"","background-media":"","overlay-type":"","overlay-color":"","overlay-opacity":"","overlay-gradient":""}},"ast-content-background-meta":{"desktop":{"background-color":"var(--ast-global-color-5)","background-image":"","background-repeat":"repeat","background-position":"center center","background-size":"auto","background-attachment":"scroll","background-type":"","background-media":"","overlay-type":"","overlay-color":"","overlay-opacity":"","overlay-gradient":""},"tablet":{"background-color":"var(--ast-global-color-5)","background-image":"","background-repeat":"repeat","background-position":"center center","background-size":"auto","background-attachment":"scroll","background-type":"","background-media":"","overlay-type":"","overlay-color":"","overlay-opacity":"","overlay-gradient":""},"mobile":{"background-color":"var(--ast-global-color-5)","background-image":"","background-repeat":"repeat","background-position":"center center","background-size":"auto","background-attachment":"scroll","background-type":"","background-media":"","overlay-type":"","overlay-color":"","overlay-opacity":"","overlay-gradient":""}},"footnotes":""},"categories":[42],"tags":[],"class_list":["post-9020","post","type-post","status-publish","format-standard","has-post-thumbnail","hentry","category-sin-categorizar"],"yoast_head":"<!-- This site is optimized with the Yoast SEO plugin v27.4 - https:\/\/yoast.com\/product\/yoast-seo-wordpress\/ -->\n<title>Anixton asesora en la venta de la residencia de ancianos Van Zande<\/title>\n<meta name=\"description\" content=\"Anixton facilita la venta de la Residencia de Ancianos Van Zande y negocia un Acuerdo de Ocupaci\u00f3n Temporal, ayudando a la infraestructura sanitaria y social de Bruselas.\" \/>\n<meta name=\"robots\" content=\"index, follow, max-snippet:-1, max-image-preview:large, max-video-preview:-1\" \/>\n<link rel=\"canonical\" href=\"https:\/\/www.anixton.com\/es\/anixton-asesora-en-la-venta-estrategica-de-la-residencia-de-ancianos-van-zande\/\" \/>\n<meta property=\"og:locale\" content=\"es_ES\" \/>\n<meta property=\"og:type\" content=\"article\" \/>\n<meta property=\"og:title\" content=\"Anixton asesora en la venta de la residencia de ancianos Van Zande\" \/>\n<meta property=\"og:description\" content=\"Anixton facilita la venta de la Residencia de Ancianos Van Zande y negocia un Acuerdo de Ocupaci\u00f3n Temporal, ayudando a la infraestructura sanitaria y social de Bruselas.\" \/>\n<meta property=\"og:url\" content=\"https:\/\/www.anixton.com\/es\/anixton-asesora-en-la-venta-estrategica-de-la-residencia-de-ancianos-van-zande\/\" \/>\n<meta property=\"og:site_name\" content=\"ANIXTON\" \/>\n<meta property=\"article:publisher\" content=\"https:\/\/www.facebook.com\/anixton.realestate\" \/>\n<meta property=\"article:published_time\" content=\"2024-04-26T07:27:00+00:00\" \/>\n<meta property=\"article:modified_time\" content=\"2024-11-27T00:56:31+00:00\" \/>\n<meta property=\"og:image\" content=\"https:\/\/www.anixton.com\/wp-content\/uploads\/2020\/02\/ANIXTON_LOGO_HORIZONTAL_for-background-Navy.png\" \/>\n\t<meta property=\"og:image:width\" content=\"16368\" \/>\n\t<meta property=\"og:image:height\" content=\"3469\" \/>\n\t<meta property=\"og:image:type\" content=\"image\/png\" \/><meta property=\"og:image\" content=\"https:\/\/www.anixton.com\/wp-content\/uploads\/2024\/04\/Anixton_News_2024_007_01.jpeg\" \/>\n\t<meta property=\"og:image:width\" content=\"1020\" \/>\n\t<meta property=\"og:image:height\" content=\"560\" \/>\n\t<meta property=\"og:image:type\" content=\"image\/jpeg\" \/>\n<meta name=\"author\" content=\"Anixton\" \/>\n<meta name=\"twitter:card\" content=\"summary_large_image\" \/>\n<meta name=\"twitter:creator\" content=\"@anixton\" \/>\n<meta name=\"twitter:site\" content=\"@anixton\" \/>\n<meta name=\"twitter:label1\" content=\"Escrito por\" \/>\n\t<meta name=\"twitter:data1\" content=\"Anixton\" \/>\n\t<meta name=\"twitter:label2\" content=\"Tiempo de lectura\" \/>\n\t<meta name=\"twitter:data2\" content=\"1 minuto\" \/>\n<script type=\"application\/ld+json\" class=\"yoast-schema-graph\">{\"@context\":\"https:\\\/\\\/schema.org\",\"@graph\":[{\"@type\":\"Article\",\"@id\":\"https:\\\/\\\/www.anixton.com\\\/es\\\/anixton-asesora-en-la-venta-estrategica-de-la-residencia-de-ancianos-van-zande\\\/#article\",\"isPartOf\":{\"@id\":\"https:\\\/\\\/www.anixton.com\\\/es\\\/anixton-asesora-en-la-venta-estrategica-de-la-residencia-de-ancianos-van-zande\\\/\"},\"author\":{\"name\":\"Anixton\",\"@id\":\"https:\\\/\\\/www.anixton.com\\\/es\\\/#\\\/schema\\\/person\\\/c26993d2408e0f9c37a1b168db54565d\"},\"headline\":\"Anixton asesora en la venta estrat\u00e9gica de la residencia de ancianos Van Zande\",\"datePublished\":\"2024-04-26T07:27:00+00:00\",\"dateModified\":\"2024-11-27T00:56:31+00:00\",\"mainEntityOfPage\":{\"@id\":\"https:\\\/\\\/www.anixton.com\\\/es\\\/anixton-asesora-en-la-venta-estrategica-de-la-residencia-de-ancianos-van-zande\\\/\"},\"wordCount\":147,\"publisher\":{\"@id\":\"https:\\\/\\\/www.anixton.com\\\/es\\\/#organization\"},\"image\":{\"@id\":\"https:\\\/\\\/www.anixton.com\\\/es\\\/anixton-asesora-en-la-venta-estrategica-de-la-residencia-de-ancianos-van-zande\\\/#primaryimage\"},\"thumbnailUrl\":\"https:\\\/\\\/www.anixton.com\\\/wp-content\\\/uploads\\\/2024\\\/04\\\/Anixton_News_2024_007_01.jpeg\",\"articleSection\":[\"Sin categorizar\"],\"inLanguage\":\"es\"},{\"@type\":\"WebPage\",\"@id\":\"https:\\\/\\\/www.anixton.com\\\/es\\\/anixton-asesora-en-la-venta-estrategica-de-la-residencia-de-ancianos-van-zande\\\/\",\"url\":\"https:\\\/\\\/www.anixton.com\\\/es\\\/anixton-asesora-en-la-venta-estrategica-de-la-residencia-de-ancianos-van-zande\\\/\",\"name\":\"Anixton asesora en la venta de la residencia de ancianos Van Zande\",\"isPartOf\":{\"@id\":\"https:\\\/\\\/www.anixton.com\\\/es\\\/#website\"},\"primaryImageOfPage\":{\"@id\":\"https:\\\/\\\/www.anixton.com\\\/es\\\/anixton-asesora-en-la-venta-estrategica-de-la-residencia-de-ancianos-van-zande\\\/#primaryimage\"},\"image\":{\"@id\":\"https:\\\/\\\/www.anixton.com\\\/es\\\/anixton-asesora-en-la-venta-estrategica-de-la-residencia-de-ancianos-van-zande\\\/#primaryimage\"},\"thumbnailUrl\":\"https:\\\/\\\/www.anixton.com\\\/wp-content\\\/uploads\\\/2024\\\/04\\\/Anixton_News_2024_007_01.jpeg\",\"datePublished\":\"2024-04-26T07:27:00+00:00\",\"dateModified\":\"2024-11-27T00:56:31+00:00\",\"description\":\"Anixton facilita la venta de la Residencia de Ancianos Van Zande y negocia un Acuerdo de Ocupaci\u00f3n Temporal, ayudando a la infraestructura sanitaria y social de Bruselas.\",\"breadcrumb\":{\"@id\":\"https:\\\/\\\/www.anixton.com\\\/es\\\/anixton-asesora-en-la-venta-estrategica-de-la-residencia-de-ancianos-van-zande\\\/#breadcrumb\"},\"inLanguage\":\"es\",\"potentialAction\":[{\"@type\":\"ReadAction\",\"target\":[\"https:\\\/\\\/www.anixton.com\\\/es\\\/anixton-asesora-en-la-venta-estrategica-de-la-residencia-de-ancianos-van-zande\\\/\"]}]},{\"@type\":\"ImageObject\",\"inLanguage\":\"es\",\"@id\":\"https:\\\/\\\/www.anixton.com\\\/es\\\/anixton-asesora-en-la-venta-estrategica-de-la-residencia-de-ancianos-van-zande\\\/#primaryimage\",\"url\":\"https:\\\/\\\/www.anixton.com\\\/wp-content\\\/uploads\\\/2024\\\/04\\\/Anixton_News_2024_007_01.jpeg\",\"contentUrl\":\"https:\\\/\\\/www.anixton.com\\\/wp-content\\\/uploads\\\/2024\\\/04\\\/Anixton_News_2024_007_01.jpeg\",\"width\":1020,\"height\":560},{\"@type\":\"BreadcrumbList\",\"@id\":\"https:\\\/\\\/www.anixton.com\\\/es\\\/anixton-asesora-en-la-venta-estrategica-de-la-residencia-de-ancianos-van-zande\\\/#breadcrumb\",\"itemListElement\":[{\"@type\":\"ListItem\",\"position\":1,\"name\":\"Home\",\"item\":\"https:\\\/\\\/www.anixton.com\\\/es\\\/\"},{\"@type\":\"ListItem\",\"position\":2,\"name\":\"Anixton asesora en la venta estrat\u00e9gica de la residencia de ancianos Van Zande\"}]},{\"@type\":\"WebSite\",\"@id\":\"https:\\\/\\\/www.anixton.com\\\/es\\\/#website\",\"url\":\"https:\\\/\\\/www.anixton.com\\\/es\\\/\",\"name\":\"ANIXTON\",\"description\":\"\",\"publisher\":{\"@id\":\"https:\\\/\\\/www.anixton.com\\\/es\\\/#organization\"},\"potentialAction\":[{\"@type\":\"SearchAction\",\"target\":{\"@type\":\"EntryPoint\",\"urlTemplate\":\"https:\\\/\\\/www.anixton.com\\\/es\\\/?s={search_term_string}\"},\"query-input\":{\"@type\":\"PropertyValueSpecification\",\"valueRequired\":true,\"valueName\":\"search_term_string\"}}],\"inLanguage\":\"es\"},{\"@type\":\"Organization\",\"@id\":\"https:\\\/\\\/www.anixton.com\\\/es\\\/#organization\",\"name\":\"ANIXTON\",\"url\":\"https:\\\/\\\/www.anixton.com\\\/es\\\/\",\"logo\":{\"@type\":\"ImageObject\",\"inLanguage\":\"es\",\"@id\":\"https:\\\/\\\/www.anixton.com\\\/es\\\/#\\\/schema\\\/logo\\\/image\\\/\",\"url\":\"https:\\\/\\\/www.anixton.com\\\/wp-content\\\/uploads\\\/2020\\\/02\\\/ANIXTON_LOGO_HORIZONTAL_for-background-Navy.png\",\"contentUrl\":\"https:\\\/\\\/www.anixton.com\\\/wp-content\\\/uploads\\\/2020\\\/02\\\/ANIXTON_LOGO_HORIZONTAL_for-background-Navy.png\",\"width\":16368,\"height\":3469,\"caption\":\"ANIXTON\"},\"image\":{\"@id\":\"https:\\\/\\\/www.anixton.com\\\/es\\\/#\\\/schema\\\/logo\\\/image\\\/\"},\"sameAs\":[\"https:\\\/\\\/www.facebook.com\\\/anixton.realestate\",\"https:\\\/\\\/x.com\\\/anixton\",\"https:\\\/\\\/www.linkedin.com\\\/company\\\/anixton\\\/?viewAsMember=true\",\"https:\\\/\\\/www.tiktok.com\\\/@anixton.com\",\"https:\\\/\\\/www.instagram.com\\\/anixton\\\/\"]},{\"@type\":\"Person\",\"@id\":\"https:\\\/\\\/www.anixton.com\\\/es\\\/#\\\/schema\\\/person\\\/c26993d2408e0f9c37a1b168db54565d\",\"name\":\"Anixton\",\"image\":{\"@type\":\"ImageObject\",\"inLanguage\":\"es\",\"@id\":\"https:\\\/\\\/secure.gravatar.com\\\/avatar\\\/b289ad38e278234a1ed0e1d6b7d61d73d4bf032b1098b5f138eda58e78faae35?s=96&d=mm&r=g\",\"url\":\"https:\\\/\\\/secure.gravatar.com\\\/avatar\\\/b289ad38e278234a1ed0e1d6b7d61d73d4bf032b1098b5f138eda58e78faae35?s=96&d=mm&r=g\",\"contentUrl\":\"https:\\\/\\\/secure.gravatar.com\\\/avatar\\\/b289ad38e278234a1ed0e1d6b7d61d73d4bf032b1098b5f138eda58e78faae35?s=96&d=mm&r=g\",\"caption\":\"Anixton\"}}]}<\/script>\n<!-- \/ Yoast SEO plugin. -->","yoast_head_json":{"title":"Anixton asesora en la venta de la residencia de ancianos Van Zande","description":"Anixton facilita la venta de la Residencia de Ancianos Van Zande y negocia un Acuerdo de Ocupaci\u00f3n Temporal, ayudando a la infraestructura sanitaria y social de Bruselas.","robots":{"index":"index","follow":"follow","max-snippet":"max-snippet:-1","max-image-preview":"max-image-preview:large","max-video-preview":"max-video-preview:-1"},"canonical":"https:\/\/www.anixton.com\/es\/anixton-asesora-en-la-venta-estrategica-de-la-residencia-de-ancianos-van-zande\/","og_locale":"es_ES","og_type":"article","og_title":"Anixton asesora en la venta de la residencia de ancianos Van Zande","og_description":"Anixton facilita la venta de la Residencia de Ancianos Van Zande y negocia un Acuerdo de Ocupaci\u00f3n Temporal, ayudando a la infraestructura sanitaria y social de Bruselas.","og_url":"https:\/\/www.anixton.com\/es\/anixton-asesora-en-la-venta-estrategica-de-la-residencia-de-ancianos-van-zande\/","og_site_name":"ANIXTON","article_publisher":"https:\/\/www.facebook.com\/anixton.realestate","article_published_time":"2024-04-26T07:27:00+00:00","article_modified_time":"2024-11-27T00:56:31+00:00","og_image":[{"width":16368,"height":3469,"url":"https:\/\/www.anixton.com\/wp-content\/uploads\/2020\/02\/ANIXTON_LOGO_HORIZONTAL_for-background-Navy.png","type":"image\/png"},{"width":1020,"height":560,"url":"https:\/\/www.anixton.com\/wp-content\/uploads\/2024\/04\/Anixton_News_2024_007_01.jpeg","type":"image\/jpeg"}],"author":"Anixton","twitter_card":"summary_large_image","twitter_creator":"@anixton","twitter_site":"@anixton","twitter_misc":{"Escrito por":"Anixton","Tiempo de lectura":"1 minuto"},"schema":{"@context":"https:\/\/schema.org","@graph":[{"@type":"Article","@id":"https:\/\/www.anixton.com\/es\/anixton-asesora-en-la-venta-estrategica-de-la-residencia-de-ancianos-van-zande\/#article","isPartOf":{"@id":"https:\/\/www.anixton.com\/es\/anixton-asesora-en-la-venta-estrategica-de-la-residencia-de-ancianos-van-zande\/"},"author":{"name":"Anixton","@id":"https:\/\/www.anixton.com\/es\/#\/schema\/person\/c26993d2408e0f9c37a1b168db54565d"},"headline":"Anixton asesora en la venta estrat\u00e9gica de la residencia de ancianos Van Zande","datePublished":"2024-04-26T07:27:00+00:00","dateModified":"2024-11-27T00:56:31+00:00","mainEntityOfPage":{"@id":"https:\/\/www.anixton.com\/es\/anixton-asesora-en-la-venta-estrategica-de-la-residencia-de-ancianos-van-zande\/"},"wordCount":147,"publisher":{"@id":"https:\/\/www.anixton.com\/es\/#organization"},"image":{"@id":"https:\/\/www.anixton.com\/es\/anixton-asesora-en-la-venta-estrategica-de-la-residencia-de-ancianos-van-zande\/#primaryimage"},"thumbnailUrl":"https:\/\/www.anixton.com\/wp-content\/uploads\/2024\/04\/Anixton_News_2024_007_01.jpeg","articleSection":["Sin categorizar"],"inLanguage":"es"},{"@type":"WebPage","@id":"https:\/\/www.anixton.com\/es\/anixton-asesora-en-la-venta-estrategica-de-la-residencia-de-ancianos-van-zande\/","url":"https:\/\/www.anixton.com\/es\/anixton-asesora-en-la-venta-estrategica-de-la-residencia-de-ancianos-van-zande\/","name":"Anixton asesora en la venta de la residencia de ancianos Van Zande","isPartOf":{"@id":"https:\/\/www.anixton.com\/es\/#website"},"primaryImageOfPage":{"@id":"https:\/\/www.anixton.com\/es\/anixton-asesora-en-la-venta-estrategica-de-la-residencia-de-ancianos-van-zande\/#primaryimage"},"image":{"@id":"https:\/\/www.anixton.com\/es\/anixton-asesora-en-la-venta-estrategica-de-la-residencia-de-ancianos-van-zande\/#primaryimage"},"thumbnailUrl":"https:\/\/www.anixton.com\/wp-content\/uploads\/2024\/04\/Anixton_News_2024_007_01.jpeg","datePublished":"2024-04-26T07:27:00+00:00","dateModified":"2024-11-27T00:56:31+00:00","description":"Anixton facilita la venta de la Residencia de Ancianos Van Zande y negocia un Acuerdo de Ocupaci\u00f3n Temporal, ayudando a la infraestructura sanitaria y social de Bruselas.","breadcrumb":{"@id":"https:\/\/www.anixton.com\/es\/anixton-asesora-en-la-venta-estrategica-de-la-residencia-de-ancianos-van-zande\/#breadcrumb"},"inLanguage":"es","potentialAction":[{"@type":"ReadAction","target":["https:\/\/www.anixton.com\/es\/anixton-asesora-en-la-venta-estrategica-de-la-residencia-de-ancianos-van-zande\/"]}]},{"@type":"ImageObject","inLanguage":"es","@id":"https:\/\/www.anixton.com\/es\/anixton-asesora-en-la-venta-estrategica-de-la-residencia-de-ancianos-van-zande\/#primaryimage","url":"https:\/\/www.anixton.com\/wp-content\/uploads\/2024\/04\/Anixton_News_2024_007_01.jpeg","contentUrl":"https:\/\/www.anixton.com\/wp-content\/uploads\/2024\/04\/Anixton_News_2024_007_01.jpeg","width":1020,"height":560},{"@type":"BreadcrumbList","@id":"https:\/\/www.anixton.com\/es\/anixton-asesora-en-la-venta-estrategica-de-la-residencia-de-ancianos-van-zande\/#breadcrumb","itemListElement":[{"@type":"ListItem","position":1,"name":"Home","item":"https:\/\/www.anixton.com\/es\/"},{"@type":"ListItem","position":2,"name":"Anixton asesora en la venta estrat\u00e9gica de la residencia de ancianos Van Zande"}]},{"@type":"WebSite","@id":"https:\/\/www.anixton.com\/es\/#website","url":"https:\/\/www.anixton.com\/es\/","name":"ANIXTON","description":"","publisher":{"@id":"https:\/\/www.anixton.com\/es\/#organization"},"potentialAction":[{"@type":"SearchAction","target":{"@type":"EntryPoint","urlTemplate":"https:\/\/www.anixton.com\/es\/?s={search_term_string}"},"query-input":{"@type":"PropertyValueSpecification","valueRequired":true,"valueName":"search_term_string"}}],"inLanguage":"es"},{"@type":"Organization","@id":"https:\/\/www.anixton.com\/es\/#organization","name":"ANIXTON","url":"https:\/\/www.anixton.com\/es\/","logo":{"@type":"ImageObject","inLanguage":"es","@id":"https:\/\/www.anixton.com\/es\/#\/schema\/logo\/image\/","url":"https:\/\/www.anixton.com\/wp-content\/uploads\/2020\/02\/ANIXTON_LOGO_HORIZONTAL_for-background-Navy.png","contentUrl":"https:\/\/www.anixton.com\/wp-content\/uploads\/2020\/02\/ANIXTON_LOGO_HORIZONTAL_for-background-Navy.png","width":16368,"height":3469,"caption":"ANIXTON"},"image":{"@id":"https:\/\/www.anixton.com\/es\/#\/schema\/logo\/image\/"},"sameAs":["https:\/\/www.facebook.com\/anixton.realestate","https:\/\/x.com\/anixton","https:\/\/www.linkedin.com\/company\/anixton\/?viewAsMember=true","https:\/\/www.tiktok.com\/@anixton.com","https:\/\/www.instagram.com\/anixton\/"]},{"@type":"Person","@id":"https:\/\/www.anixton.com\/es\/#\/schema\/person\/c26993d2408e0f9c37a1b168db54565d","name":"Anixton","image":{"@type":"ImageObject","inLanguage":"es","@id":"https:\/\/secure.gravatar.com\/avatar\/b289ad38e278234a1ed0e1d6b7d61d73d4bf032b1098b5f138eda58e78faae35?s=96&d=mm&r=g","url":"https:\/\/secure.gravatar.com\/avatar\/b289ad38e278234a1ed0e1d6b7d61d73d4bf032b1098b5f138eda58e78faae35?s=96&d=mm&r=g","contentUrl":"https:\/\/secure.gravatar.com\/avatar\/b289ad38e278234a1ed0e1d6b7d61d73d4bf032b1098b5f138eda58e78faae35?s=96&d=mm&r=g","caption":"Anixton"}}]}},"_links":{"self":[{"href":"https:\/\/www.anixton.com\/es\/wp-json\/wp\/v2\/posts\/9020","targetHints":{"allow":["GET"]}}],"collection":[{"href":"https:\/\/www.anixton.com\/es\/wp-json\/wp\/v2\/posts"}],"about":[{"href":"https:\/\/www.anixton.com\/es\/wp-json\/wp\/v2\/types\/post"}],"author":[{"embeddable":true,"href":"https:\/\/www.anixton.com\/es\/wp-json\/wp\/v2\/users\/21"}],"replies":[{"embeddable":true,"href":"https:\/\/www.anixton.com\/es\/wp-json\/wp\/v2\/comments?post=9020"}],"version-history":[{"count":1,"href":"https:\/\/www.anixton.com\/es\/wp-json\/wp\/v2\/posts\/9020\/revisions"}],"predecessor-version":[{"id":9021,"href":"https:\/\/www.anixton.com\/es\/wp-json\/wp\/v2\/posts\/9020\/revisions\/9021"}],"wp:featuredmedia":[{"embeddable":true,"href":"https:\/\/www.anixton.com\/es\/wp-json\/wp\/v2\/media\/8089"}],"wp:attachment":[{"href":"https:\/\/www.anixton.com\/es\/wp-json\/wp\/v2\/media?parent=9020"}],"wp:term":[{"taxonomy":"category","embeddable":true,"href":"https:\/\/www.anixton.com\/es\/wp-json\/wp\/v2\/categories?post=9020"},{"taxonomy":"post_tag","embeddable":true,"href":"https:\/\/www.anixton.com\/es\/wp-json\/wp\/v2\/tags?post=9020"}],"curies":[{"name":"wp","href":"https:\/\/api.w.org\/{rel}","templated":true}]}}