{"id":8980,"date":"2024-11-06T06:52:00","date_gmt":"2024-11-06T06:52:00","guid":{"rendered":"https:\/\/www.anixton.com\/podcast-le-rdv-des-proprios\/"},"modified":"2024-11-27T00:15:20","modified_gmt":"2024-11-27T00:15:20","slug":"podcast-le-rdv-des-proprios","status":"publish","type":"post","link":"https:\/\/www.anixton.com\/fr\/podcast-le-rdv-des-proprios\/","title":{"rendered":"Podcast \u00ab\u00a0Le Rdv des Proprios\u00a0\u00bb"},"content":{"rendered":"\t\t<div data-elementor-type=\"wp-post\" data-elementor-id=\"8980\" class=\"elementor elementor-8980 elementor-6628\" data-elementor-post-type=\"post\">\n\t\t\t\t<div class=\"elementor-element elementor-element-2392dce e-flex e-con-boxed e-con e-parent\" data-id=\"2392dce\" data-element_type=\"container\" data-e-type=\"container\">\n\t\t\t\t\t<div class=\"e-con-inner\">\n\t\t\t\t<div class=\"elementor-element elementor-element-19f05c2 elementor-invisible elementor-widget elementor-widget-heading\" data-id=\"19f05c2\" data-element_type=\"widget\" data-e-type=\"widget\" data-settings=\"{&quot;_animation&quot;:&quot;fadeIn&quot;}\" data-widget_type=\"heading.default\">\n\t\t\t\t<div class=\"elementor-widget-container\">\n\t\t\t\t\t<h2 class=\"elementor-heading-title elementor-size-default\">Vincent G\u00e9rin discute des tendances du march\u00e9 et des strat\u00e9gies d'investissement<\/h2>\t\t\t\t<\/div>\n\t\t\t\t<\/div>\n\t\t\t\t<div class=\"elementor-element elementor-element-0d043e2 elementor-invisible elementor-widget elementor-widget-text-editor\" data-id=\"0d043e2\" data-element_type=\"widget\" data-e-type=\"widget\" data-settings=\"{&quot;_animation&quot;:&quot;fadeIn&quot;,&quot;_animation_delay&quot;:600}\" data-widget_type=\"text-editor.default\">\n\t\t\t\t<div class=\"elementor-widget-container\">\n\t\t\t\t\t\t\t\t\t<p>Vincent G\u00e9rin, PDG d&rsquo;Anixton, a r\u00e9cemment particip\u00e9 \u00e0 l&rsquo;\u00e9mission \u00ab\u00a0Le Rdv des Proprios\u00a0\u00bb, le premier podcast belge consacr\u00e9 \u00e0 l&rsquo;immobilier. Au cours de la discussion, il a partag\u00e9 son point de vue d&rsquo;expert sur les tendances actuelles de l&rsquo;immobilier, y compris la dynamique du march\u00e9 et les opportunit\u00e9s d&rsquo;investissement strat\u00e9gique. <\/p>\n\t\t\t\t\t\t\t\t<\/div>\n\t\t\t\t<\/div>\n\t\t\t\t<div class=\"elementor-element elementor-element-6399851 elementor-widget__width-inherit elementor-widget elementor-widget-image\" data-id=\"6399851\" data-element_type=\"widget\" data-e-type=\"widget\" data-widget_type=\"image.default\">\n\t\t\t\t<div class=\"elementor-widget-container\">\n\t\t\t\t\t\t\t\t\t\t\t\t\t\t\t<img fetchpriority=\"high\" decoding=\"async\" width=\"300\" height=\"168\" src=\"https:\/\/www.anixton.com\/wp-content\/uploads\/2024\/11\/Anixton_News_2024_013_01.jpeg\" class=\"attachment-full size-full wp-image-8061\" alt=\"\" \/>\t\t\t\t\t\t\t\t\t\t\t\t\t\t\t<\/div>\n\t\t\t\t<\/div>\n\t\t\t\t<div class=\"elementor-element elementor-element-9909648 elementor-invisible elementor-widget elementor-widget-text-editor\" data-id=\"9909648\" data-element_type=\"widget\" data-e-type=\"widget\" data-settings=\"{&quot;_animation&quot;:&quot;fadeIn&quot;,&quot;_animation_delay&quot;:600}\" data-widget_type=\"text-editor.default\">\n\t\t\t\t<div class=\"elementor-widget-container\">\n\t\t\t\t\t\t\t\t\t<p>Vous pouvez \u00e9couter cet \u00e9pisode perspicace intitul\u00e9 \u00ab\u00a0Est-ce le bon moment pour investir dans l&rsquo;immobilier ?\u00a0\u00bb en cliquant sur le lien suivant La discussion offre des perspectives pr\u00e9cieuses pour toute personne int\u00e9ress\u00e9e par le march\u00e9 immobilier.<\/p>\n\t\t\t\t\t\t\t\t<\/div>\n\t\t\t\t<\/div>\n\t\t\t\t<div class=\"elementor-element elementor-element-d4de738 elementor-mobile-align-left elementor-invisible elementor-widget elementor-widget-button\" data-id=\"d4de738\" data-element_type=\"widget\" data-e-type=\"widget\" data-settings=\"{&quot;_animation&quot;:&quot;fadeIn&quot;,&quot;_animation_delay&quot;:800}\" data-widget_type=\"button.default\">\n\t\t\t\t<div class=\"elementor-widget-container\">\n\t\t\t\t\t\t\t\t\t<div class=\"elementor-button-wrapper\">\n\t\t\t\t\t<a class=\"elementor-button elementor-button-link elementor-size-sm elementor-animation-float\" href=\"https:\/\/bit.ly\/3CpMsto\" target=\"_blank\">\n\t\t\t\t\t\t<span class=\"elementor-button-content-wrapper\">\n\t\t\t\t\t\t<span class=\"elementor-button-icon\">\n\t\t\t\t<i aria-hidden=\"true\" class=\"fas fa-long-arrow-alt-right\"><\/i>\t\t\t<\/span>\n\t\t\t\t\t\t\t\t\t<span class=\"elementor-button-text\">\u00c9couter<\/span>\n\t\t\t\t\t<\/span>\n\t\t\t\t\t<\/a>\n\t\t\t\t<\/div>\n\t\t\t\t\t\t\t\t<\/div>\n\t\t\t\t<\/div>\n\t\t\t\t\t<\/div>\n\t\t\t\t<\/div>\n\t\t\t\t<\/div>\n\t\t","protected":false},"excerpt":{"rendered":"<p>Vincent G\u00e9rin discute des tendances du march\u00e9 et des strat\u00e9gies d&rsquo;investissement Vincent G\u00e9rin, PDG d&rsquo;Anixton, a r\u00e9cemment particip\u00e9 \u00e0 l&rsquo;\u00e9mission \u00ab\u00a0Le Rdv des Proprios\u00a0\u00bb, le premier podcast belge consacr\u00e9 \u00e0 l&rsquo;immobilier. Au cours de la discussion, il a partag\u00e9 son point de vue d&rsquo;expert sur les tendances actuelles de l&rsquo;immobilier, y compris la dynamique du [&hellip;]<\/p>\n","protected":false},"author":21,"featured_media":8061,"comment_status":"closed","ping_status":"open","sticky":false,"template":"","format":"standard","meta":{"site-sidebar-layout":"default","site-content-layout":"","ast-site-content-layout":"default","site-content-style":"default","site-sidebar-style":"default","ast-global-header-display":"","ast-banner-title-visibility":"","ast-main-header-display":"","ast-hfb-above-header-display":"","ast-hfb-below-header-display":"","ast-hfb-mobile-header-display":"","site-post-title":"","ast-breadcrumbs-content":"","ast-featured-img":"","footer-sml-layout":"","ast-disable-related-posts":"","theme-transparent-header-meta":"","adv-header-id-meta":"","stick-header-meta":"","header-above-stick-meta":"","header-main-stick-meta":"","header-below-stick-meta":"","astra-migrate-meta-layouts":"default","ast-page-background-enabled":"default","ast-page-background-meta":{"desktop":{"background-color":"","background-image":"","background-repeat":"repeat","background-position":"center center","background-size":"auto","background-attachment":"scroll","background-type":"","background-media":"","overlay-type":"","overlay-color":"","overlay-opacity":"","overlay-gradient":""},"tablet":{"background-color":"","background-image":"","background-repeat":"repeat","background-position":"center center","background-size":"auto","background-attachment":"scroll","background-type":"","background-media":"","overlay-type":"","overlay-color":"","overlay-opacity":"","overlay-gradient":""},"mobile":{"background-color":"","background-image":"","background-repeat":"repeat","background-position":"center center","background-size":"auto","background-attachment":"scroll","background-type":"","background-media":"","overlay-type":"","overlay-color":"","overlay-opacity":"","overlay-gradient":""}},"ast-content-background-meta":{"desktop":{"background-color":"var(--ast-global-color-5)","background-image":"","background-repeat":"repeat","background-position":"center center","background-size":"auto","background-attachment":"scroll","background-type":"","background-media":"","overlay-type":"","overlay-color":"","overlay-opacity":"","overlay-gradient":""},"tablet":{"background-color":"var(--ast-global-color-5)","background-image":"","background-repeat":"repeat","background-position":"center center","background-size":"auto","background-attachment":"scroll","background-type":"","background-media":"","overlay-type":"","overlay-color":"","overlay-opacity":"","overlay-gradient":""},"mobile":{"background-color":"var(--ast-global-color-5)","background-image":"","background-repeat":"repeat","background-position":"center center","background-size":"auto","background-attachment":"scroll","background-type":"","background-media":"","overlay-type":"","overlay-color":"","overlay-opacity":"","overlay-gradient":""}},"footnotes":""},"categories":[41],"tags":[],"class_list":["post-8980","post","type-post","status-publish","format-standard","has-post-thumbnail","hentry","category-non-classifiee"],"yoast_head":"<!-- This site is optimized with the Yoast SEO plugin v27.4 - https:\/\/yoast.com\/product\/yoast-seo-wordpress\/ -->\n<title>Podcast : Tendances du march\u00e9 et perspectives d&#039;investissement avec Vincent G\u00e9rin<\/title>\n<meta name=\"description\" content=\"Ecoutez Vincent G\u00e9rin, PDG d&#039;Anixton, dans l&#039;\u00e9mission &quot;Le Rdv des Proprios&quot;, discuter des tendances immobili\u00e8res et des opportunit\u00e9s d&#039;investissement strat\u00e9gique.\" \/>\n<meta name=\"robots\" content=\"index, follow, max-snippet:-1, max-image-preview:large, max-video-preview:-1\" \/>\n<link rel=\"canonical\" href=\"https:\/\/www.anixton.com\/fr\/podcast-le-rdv-des-proprios\/\" \/>\n<meta property=\"og:locale\" content=\"fr_FR\" \/>\n<meta property=\"og:type\" content=\"article\" \/>\n<meta property=\"og:title\" content=\"Podcast : Tendances du march\u00e9 et perspectives d&#039;investissement avec Vincent G\u00e9rin\" \/>\n<meta property=\"og:description\" content=\"Ecoutez Vincent G\u00e9rin, PDG d&#039;Anixton, dans l&#039;\u00e9mission &quot;Le Rdv des Proprios&quot;, discuter des tendances immobili\u00e8res et des opportunit\u00e9s d&#039;investissement strat\u00e9gique.\" \/>\n<meta property=\"og:url\" content=\"https:\/\/www.anixton.com\/fr\/podcast-le-rdv-des-proprios\/\" \/>\n<meta property=\"og:site_name\" content=\"ANIXTON\" \/>\n<meta property=\"article:publisher\" content=\"https:\/\/www.facebook.com\/anixton.realestate\" \/>\n<meta property=\"article:published_time\" content=\"2024-11-06T06:52:00+00:00\" \/>\n<meta property=\"article:modified_time\" content=\"2024-11-27T00:15:20+00:00\" \/>\n<meta property=\"og:image\" content=\"https:\/\/www.anixton.com\/wp-content\/uploads\/2020\/02\/ANIXTON_LOGO_HORIZONTAL_for-background-Navy.png\" \/>\n\t<meta property=\"og:image:width\" content=\"16368\" \/>\n\t<meta property=\"og:image:height\" content=\"3469\" \/>\n\t<meta property=\"og:image:type\" content=\"image\/png\" \/><meta property=\"og:image\" content=\"https:\/\/www.anixton.com\/wp-content\/uploads\/2024\/11\/Anixton_News_2024_013_01.jpeg\" \/>\n\t<meta property=\"og:image:width\" content=\"300\" \/>\n\t<meta property=\"og:image:height\" content=\"168\" \/>\n\t<meta property=\"og:image:type\" content=\"image\/jpeg\" \/>\n<meta name=\"author\" content=\"Anixton\" \/>\n<meta name=\"twitter:card\" content=\"summary_large_image\" \/>\n<meta name=\"twitter:creator\" content=\"@anixton\" \/>\n<meta name=\"twitter:site\" content=\"@anixton\" \/>\n<meta name=\"twitter:label1\" content=\"\u00c9crit par\" \/>\n\t<meta name=\"twitter:data1\" content=\"Anixton\" \/>\n\t<meta name=\"twitter:label2\" content=\"Dur\u00e9e de lecture estim\u00e9e\" \/>\n\t<meta name=\"twitter:data2\" content=\"1 minute\" \/>\n<script type=\"application\/ld+json\" class=\"yoast-schema-graph\">{\"@context\":\"https:\\\/\\\/schema.org\",\"@graph\":[{\"@type\":\"Article\",\"@id\":\"https:\\\/\\\/www.anixton.com\\\/fr\\\/podcast-le-rdv-des-proprios\\\/#article\",\"isPartOf\":{\"@id\":\"https:\\\/\\\/www.anixton.com\\\/fr\\\/podcast-le-rdv-des-proprios\\\/\"},\"author\":{\"name\":\"Anixton\",\"@id\":\"https:\\\/\\\/www.anixton.com\\\/fr\\\/#\\\/schema\\\/person\\\/c26993d2408e0f9c37a1b168db54565d\"},\"headline\":\"Podcast \u00ab\u00a0Le Rdv des Proprios\u00a0\u00bb\",\"datePublished\":\"2024-11-06T06:52:00+00:00\",\"dateModified\":\"2024-11-27T00:15:20+00:00\",\"mainEntityOfPage\":{\"@id\":\"https:\\\/\\\/www.anixton.com\\\/fr\\\/podcast-le-rdv-des-proprios\\\/\"},\"wordCount\":117,\"publisher\":{\"@id\":\"https:\\\/\\\/www.anixton.com\\\/fr\\\/#organization\"},\"image\":{\"@id\":\"https:\\\/\\\/www.anixton.com\\\/fr\\\/podcast-le-rdv-des-proprios\\\/#primaryimage\"},\"thumbnailUrl\":\"https:\\\/\\\/www.anixton.com\\\/wp-content\\\/uploads\\\/2024\\\/11\\\/Anixton_News_2024_013_01.jpeg\",\"articleSection\":[\"Non classifi\u00e9(e)\"],\"inLanguage\":\"fr-FR\"},{\"@type\":\"WebPage\",\"@id\":\"https:\\\/\\\/www.anixton.com\\\/fr\\\/podcast-le-rdv-des-proprios\\\/\",\"url\":\"https:\\\/\\\/www.anixton.com\\\/fr\\\/podcast-le-rdv-des-proprios\\\/\",\"name\":\"Podcast : Tendances du march\u00e9 et perspectives d'investissement avec Vincent G\u00e9rin\",\"isPartOf\":{\"@id\":\"https:\\\/\\\/www.anixton.com\\\/fr\\\/#website\"},\"primaryImageOfPage\":{\"@id\":\"https:\\\/\\\/www.anixton.com\\\/fr\\\/podcast-le-rdv-des-proprios\\\/#primaryimage\"},\"image\":{\"@id\":\"https:\\\/\\\/www.anixton.com\\\/fr\\\/podcast-le-rdv-des-proprios\\\/#primaryimage\"},\"thumbnailUrl\":\"https:\\\/\\\/www.anixton.com\\\/wp-content\\\/uploads\\\/2024\\\/11\\\/Anixton_News_2024_013_01.jpeg\",\"datePublished\":\"2024-11-06T06:52:00+00:00\",\"dateModified\":\"2024-11-27T00:15:20+00:00\",\"description\":\"Ecoutez Vincent G\u00e9rin, PDG d'Anixton, dans l'\u00e9mission \\\"Le Rdv des Proprios\\\", discuter des tendances immobili\u00e8res et des opportunit\u00e9s d'investissement strat\u00e9gique.\",\"breadcrumb\":{\"@id\":\"https:\\\/\\\/www.anixton.com\\\/fr\\\/podcast-le-rdv-des-proprios\\\/#breadcrumb\"},\"inLanguage\":\"fr-FR\",\"potentialAction\":[{\"@type\":\"ReadAction\",\"target\":[\"https:\\\/\\\/www.anixton.com\\\/fr\\\/podcast-le-rdv-des-proprios\\\/\"]}]},{\"@type\":\"ImageObject\",\"inLanguage\":\"fr-FR\",\"@id\":\"https:\\\/\\\/www.anixton.com\\\/fr\\\/podcast-le-rdv-des-proprios\\\/#primaryimage\",\"url\":\"https:\\\/\\\/www.anixton.com\\\/wp-content\\\/uploads\\\/2024\\\/11\\\/Anixton_News_2024_013_01.jpeg\",\"contentUrl\":\"https:\\\/\\\/www.anixton.com\\\/wp-content\\\/uploads\\\/2024\\\/11\\\/Anixton_News_2024_013_01.jpeg\",\"width\":300,\"height\":168},{\"@type\":\"BreadcrumbList\",\"@id\":\"https:\\\/\\\/www.anixton.com\\\/fr\\\/podcast-le-rdv-des-proprios\\\/#breadcrumb\",\"itemListElement\":[{\"@type\":\"ListItem\",\"position\":1,\"name\":\"Home\",\"item\":\"https:\\\/\\\/www.anixton.com\\\/fr\\\/\"},{\"@type\":\"ListItem\",\"position\":2,\"name\":\"Podcast \u00ab\u00a0Le Rdv des Proprios\u00a0\u00bb\"}]},{\"@type\":\"WebSite\",\"@id\":\"https:\\\/\\\/www.anixton.com\\\/fr\\\/#website\",\"url\":\"https:\\\/\\\/www.anixton.com\\\/fr\\\/\",\"name\":\"ANIXTON\",\"description\":\"\",\"publisher\":{\"@id\":\"https:\\\/\\\/www.anixton.com\\\/fr\\\/#organization\"},\"potentialAction\":[{\"@type\":\"SearchAction\",\"target\":{\"@type\":\"EntryPoint\",\"urlTemplate\":\"https:\\\/\\\/www.anixton.com\\\/fr\\\/?s={search_term_string}\"},\"query-input\":{\"@type\":\"PropertyValueSpecification\",\"valueRequired\":true,\"valueName\":\"search_term_string\"}}],\"inLanguage\":\"fr-FR\"},{\"@type\":\"Organization\",\"@id\":\"https:\\\/\\\/www.anixton.com\\\/fr\\\/#organization\",\"name\":\"ANIXTON\",\"url\":\"https:\\\/\\\/www.anixton.com\\\/fr\\\/\",\"logo\":{\"@type\":\"ImageObject\",\"inLanguage\":\"fr-FR\",\"@id\":\"https:\\\/\\\/www.anixton.com\\\/fr\\\/#\\\/schema\\\/logo\\\/image\\\/\",\"url\":\"https:\\\/\\\/www.anixton.com\\\/wp-content\\\/uploads\\\/2020\\\/02\\\/ANIXTON_LOGO_HORIZONTAL_for-background-Navy.png\",\"contentUrl\":\"https:\\\/\\\/www.anixton.com\\\/wp-content\\\/uploads\\\/2020\\\/02\\\/ANIXTON_LOGO_HORIZONTAL_for-background-Navy.png\",\"width\":16368,\"height\":3469,\"caption\":\"ANIXTON\"},\"image\":{\"@id\":\"https:\\\/\\\/www.anixton.com\\\/fr\\\/#\\\/schema\\\/logo\\\/image\\\/\"},\"sameAs\":[\"https:\\\/\\\/www.facebook.com\\\/anixton.realestate\",\"https:\\\/\\\/x.com\\\/anixton\",\"https:\\\/\\\/www.linkedin.com\\\/company\\\/anixton\\\/?viewAsMember=true\",\"https:\\\/\\\/www.tiktok.com\\\/@anixton.com\",\"https:\\\/\\\/www.instagram.com\\\/anixton\\\/\"]},{\"@type\":\"Person\",\"@id\":\"https:\\\/\\\/www.anixton.com\\\/fr\\\/#\\\/schema\\\/person\\\/c26993d2408e0f9c37a1b168db54565d\",\"name\":\"Anixton\",\"image\":{\"@type\":\"ImageObject\",\"inLanguage\":\"fr-FR\",\"@id\":\"https:\\\/\\\/secure.gravatar.com\\\/avatar\\\/b289ad38e278234a1ed0e1d6b7d61d73d4bf032b1098b5f138eda58e78faae35?s=96&d=mm&r=g\",\"url\":\"https:\\\/\\\/secure.gravatar.com\\\/avatar\\\/b289ad38e278234a1ed0e1d6b7d61d73d4bf032b1098b5f138eda58e78faae35?s=96&d=mm&r=g\",\"contentUrl\":\"https:\\\/\\\/secure.gravatar.com\\\/avatar\\\/b289ad38e278234a1ed0e1d6b7d61d73d4bf032b1098b5f138eda58e78faae35?s=96&d=mm&r=g\",\"caption\":\"Anixton\"}}]}<\/script>\n<!-- \/ Yoast SEO plugin. -->","yoast_head_json":{"title":"Podcast : Tendances du march\u00e9 et perspectives d'investissement avec Vincent G\u00e9rin","description":"Ecoutez Vincent G\u00e9rin, PDG d'Anixton, dans l'\u00e9mission \"Le Rdv des Proprios\", discuter des tendances immobili\u00e8res et des opportunit\u00e9s d'investissement strat\u00e9gique.","robots":{"index":"index","follow":"follow","max-snippet":"max-snippet:-1","max-image-preview":"max-image-preview:large","max-video-preview":"max-video-preview:-1"},"canonical":"https:\/\/www.anixton.com\/fr\/podcast-le-rdv-des-proprios\/","og_locale":"fr_FR","og_type":"article","og_title":"Podcast : Tendances du march\u00e9 et perspectives d'investissement avec Vincent G\u00e9rin","og_description":"Ecoutez Vincent G\u00e9rin, PDG d'Anixton, dans l'\u00e9mission \"Le Rdv des Proprios\", discuter des tendances immobili\u00e8res et des opportunit\u00e9s d'investissement strat\u00e9gique.","og_url":"https:\/\/www.anixton.com\/fr\/podcast-le-rdv-des-proprios\/","og_site_name":"ANIXTON","article_publisher":"https:\/\/www.facebook.com\/anixton.realestate","article_published_time":"2024-11-06T06:52:00+00:00","article_modified_time":"2024-11-27T00:15:20+00:00","og_image":[{"width":16368,"height":3469,"url":"https:\/\/www.anixton.com\/wp-content\/uploads\/2020\/02\/ANIXTON_LOGO_HORIZONTAL_for-background-Navy.png","type":"image\/png"},{"width":300,"height":168,"url":"https:\/\/www.anixton.com\/wp-content\/uploads\/2024\/11\/Anixton_News_2024_013_01.jpeg","type":"image\/jpeg"}],"author":"Anixton","twitter_card":"summary_large_image","twitter_creator":"@anixton","twitter_site":"@anixton","twitter_misc":{"\u00c9crit par":"Anixton","Dur\u00e9e de lecture estim\u00e9e":"1 minute"},"schema":{"@context":"https:\/\/schema.org","@graph":[{"@type":"Article","@id":"https:\/\/www.anixton.com\/fr\/podcast-le-rdv-des-proprios\/#article","isPartOf":{"@id":"https:\/\/www.anixton.com\/fr\/podcast-le-rdv-des-proprios\/"},"author":{"name":"Anixton","@id":"https:\/\/www.anixton.com\/fr\/#\/schema\/person\/c26993d2408e0f9c37a1b168db54565d"},"headline":"Podcast \u00ab\u00a0Le Rdv des Proprios\u00a0\u00bb","datePublished":"2024-11-06T06:52:00+00:00","dateModified":"2024-11-27T00:15:20+00:00","mainEntityOfPage":{"@id":"https:\/\/www.anixton.com\/fr\/podcast-le-rdv-des-proprios\/"},"wordCount":117,"publisher":{"@id":"https:\/\/www.anixton.com\/fr\/#organization"},"image":{"@id":"https:\/\/www.anixton.com\/fr\/podcast-le-rdv-des-proprios\/#primaryimage"},"thumbnailUrl":"https:\/\/www.anixton.com\/wp-content\/uploads\/2024\/11\/Anixton_News_2024_013_01.jpeg","articleSection":["Non classifi\u00e9(e)"],"inLanguage":"fr-FR"},{"@type":"WebPage","@id":"https:\/\/www.anixton.com\/fr\/podcast-le-rdv-des-proprios\/","url":"https:\/\/www.anixton.com\/fr\/podcast-le-rdv-des-proprios\/","name":"Podcast : Tendances du march\u00e9 et perspectives d'investissement avec Vincent G\u00e9rin","isPartOf":{"@id":"https:\/\/www.anixton.com\/fr\/#website"},"primaryImageOfPage":{"@id":"https:\/\/www.anixton.com\/fr\/podcast-le-rdv-des-proprios\/#primaryimage"},"image":{"@id":"https:\/\/www.anixton.com\/fr\/podcast-le-rdv-des-proprios\/#primaryimage"},"thumbnailUrl":"https:\/\/www.anixton.com\/wp-content\/uploads\/2024\/11\/Anixton_News_2024_013_01.jpeg","datePublished":"2024-11-06T06:52:00+00:00","dateModified":"2024-11-27T00:15:20+00:00","description":"Ecoutez Vincent G\u00e9rin, PDG d'Anixton, dans l'\u00e9mission \"Le Rdv des Proprios\", discuter des tendances immobili\u00e8res et des opportunit\u00e9s d'investissement strat\u00e9gique.","breadcrumb":{"@id":"https:\/\/www.anixton.com\/fr\/podcast-le-rdv-des-proprios\/#breadcrumb"},"inLanguage":"fr-FR","potentialAction":[{"@type":"ReadAction","target":["https:\/\/www.anixton.com\/fr\/podcast-le-rdv-des-proprios\/"]}]},{"@type":"ImageObject","inLanguage":"fr-FR","@id":"https:\/\/www.anixton.com\/fr\/podcast-le-rdv-des-proprios\/#primaryimage","url":"https:\/\/www.anixton.com\/wp-content\/uploads\/2024\/11\/Anixton_News_2024_013_01.jpeg","contentUrl":"https:\/\/www.anixton.com\/wp-content\/uploads\/2024\/11\/Anixton_News_2024_013_01.jpeg","width":300,"height":168},{"@type":"BreadcrumbList","@id":"https:\/\/www.anixton.com\/fr\/podcast-le-rdv-des-proprios\/#breadcrumb","itemListElement":[{"@type":"ListItem","position":1,"name":"Home","item":"https:\/\/www.anixton.com\/fr\/"},{"@type":"ListItem","position":2,"name":"Podcast \u00ab\u00a0Le Rdv des Proprios\u00a0\u00bb"}]},{"@type":"WebSite","@id":"https:\/\/www.anixton.com\/fr\/#website","url":"https:\/\/www.anixton.com\/fr\/","name":"ANIXTON","description":"","publisher":{"@id":"https:\/\/www.anixton.com\/fr\/#organization"},"potentialAction":[{"@type":"SearchAction","target":{"@type":"EntryPoint","urlTemplate":"https:\/\/www.anixton.com\/fr\/?s={search_term_string}"},"query-input":{"@type":"PropertyValueSpecification","valueRequired":true,"valueName":"search_term_string"}}],"inLanguage":"fr-FR"},{"@type":"Organization","@id":"https:\/\/www.anixton.com\/fr\/#organization","name":"ANIXTON","url":"https:\/\/www.anixton.com\/fr\/","logo":{"@type":"ImageObject","inLanguage":"fr-FR","@id":"https:\/\/www.anixton.com\/fr\/#\/schema\/logo\/image\/","url":"https:\/\/www.anixton.com\/wp-content\/uploads\/2020\/02\/ANIXTON_LOGO_HORIZONTAL_for-background-Navy.png","contentUrl":"https:\/\/www.anixton.com\/wp-content\/uploads\/2020\/02\/ANIXTON_LOGO_HORIZONTAL_for-background-Navy.png","width":16368,"height":3469,"caption":"ANIXTON"},"image":{"@id":"https:\/\/www.anixton.com\/fr\/#\/schema\/logo\/image\/"},"sameAs":["https:\/\/www.facebook.com\/anixton.realestate","https:\/\/x.com\/anixton","https:\/\/www.linkedin.com\/company\/anixton\/?viewAsMember=true","https:\/\/www.tiktok.com\/@anixton.com","https:\/\/www.instagram.com\/anixton\/"]},{"@type":"Person","@id":"https:\/\/www.anixton.com\/fr\/#\/schema\/person\/c26993d2408e0f9c37a1b168db54565d","name":"Anixton","image":{"@type":"ImageObject","inLanguage":"fr-FR","@id":"https:\/\/secure.gravatar.com\/avatar\/b289ad38e278234a1ed0e1d6b7d61d73d4bf032b1098b5f138eda58e78faae35?s=96&d=mm&r=g","url":"https:\/\/secure.gravatar.com\/avatar\/b289ad38e278234a1ed0e1d6b7d61d73d4bf032b1098b5f138eda58e78faae35?s=96&d=mm&r=g","contentUrl":"https:\/\/secure.gravatar.com\/avatar\/b289ad38e278234a1ed0e1d6b7d61d73d4bf032b1098b5f138eda58e78faae35?s=96&d=mm&r=g","caption":"Anixton"}}]}},"_links":{"self":[{"href":"https:\/\/www.anixton.com\/fr\/wp-json\/wp\/v2\/posts\/8980","targetHints":{"allow":["GET"]}}],"collection":[{"href":"https:\/\/www.anixton.com\/fr\/wp-json\/wp\/v2\/posts"}],"about":[{"href":"https:\/\/www.anixton.com\/fr\/wp-json\/wp\/v2\/types\/post"}],"author":[{"embeddable":true,"href":"https:\/\/www.anixton.com\/fr\/wp-json\/wp\/v2\/users\/21"}],"replies":[{"embeddable":true,"href":"https:\/\/www.anixton.com\/fr\/wp-json\/wp\/v2\/comments?post=8980"}],"version-history":[{"count":1,"href":"https:\/\/www.anixton.com\/fr\/wp-json\/wp\/v2\/posts\/8980\/revisions"}],"predecessor-version":[{"id":8981,"href":"https:\/\/www.anixton.com\/fr\/wp-json\/wp\/v2\/posts\/8980\/revisions\/8981"}],"wp:featuredmedia":[{"embeddable":true,"href":"https:\/\/www.anixton.com\/fr\/wp-json\/wp\/v2\/media\/8061"}],"wp:attachment":[{"href":"https:\/\/www.anixton.com\/fr\/wp-json\/wp\/v2\/media?parent=8980"}],"wp:term":[{"taxonomy":"category","embeddable":true,"href":"https:\/\/www.anixton.com\/fr\/wp-json\/wp\/v2\/categories?post=8980"},{"taxonomy":"post_tag","embeddable":true,"href":"https:\/\/www.anixton.com\/fr\/wp-json\/wp\/v2\/tags?post=8980"}],"curies":[{"name":"wp","href":"https:\/\/api.w.org\/{rel}","templated":true}]}}