{"id":9018,"date":"2024-04-26T07:27:00","date_gmt":"2024-04-26T07:27:00","guid":{"rendered":"https:\/\/www.anixton.com\/anixton-conseille-la-vente-strategique-de-la-maison-de-retraite-van-zande\/"},"modified":"2024-11-27T00:56:31","modified_gmt":"2024-11-27T00:56:31","slug":"anixton-conseille-la-vente-strategique-de-la-maison-de-retraite-van-zande","status":"publish","type":"post","link":"https:\/\/www.anixton.com\/fr\/anixton-conseille-la-vente-strategique-de-la-maison-de-retraite-van-zande\/","title":{"rendered":"Anixton conseille la vente strat\u00e9gique de la maison de retraite Van Zande"},"content":{"rendered":"\t\t<div data-elementor-type=\"wp-post\" data-elementor-id=\"9018\" class=\"elementor elementor-9018 elementor-6693\" data-elementor-post-type=\"post\">\n\t\t\t\t<div class=\"elementor-element elementor-element-11987fa e-flex e-con-boxed e-con e-parent\" data-id=\"11987fa\" data-element_type=\"container\" data-e-type=\"container\">\n\t\t\t\t\t<div class=\"e-con-inner\">\n\t\t\t\t<div class=\"elementor-element elementor-element-7ce7ee4 elementor-invisible elementor-widget elementor-widget-heading\" data-id=\"7ce7ee4\" data-element_type=\"widget\" data-e-type=\"widget\" data-settings=\"{&quot;_animation&quot;:&quot;fadeIn&quot;}\" data-widget_type=\"heading.default\">\n\t\t\t\t<div class=\"elementor-widget-container\">\n\t\t\t\t\t<h2 class=\"elementor-heading-title elementor-size-default\">R\u00f4le de conseil strat\u00e9gique dans la transformation d'un actif cl\u00e9 du secteur des soins de sant\u00e9<\/h2>\t\t\t\t<\/div>\n\t\t\t\t<\/div>\n\t\t\t\t<div class=\"elementor-element elementor-element-d16fcd7 elementor-invisible elementor-widget elementor-widget-text-editor\" data-id=\"d16fcd7\" data-element_type=\"widget\" data-e-type=\"widget\" data-settings=\"{&quot;_animation&quot;:&quot;fadeIn&quot;,&quot;_animation_delay&quot;:600}\" data-widget_type=\"text-editor.default\">\n\t\t\t\t<div class=\"elementor-widget-container\">\n\t\t\t\t\t\t\t\t\t<p>Anixton a agi en tant que conseiller de confiance dans la vente de la maison de repos Van Zande, une propri\u00e9t\u00e9 de 3.500 m\u00b2 \u00e0 Bruxelles, au Centre Hospitalier Jean Titeca. Le site sera transform\u00e9 en un centre de soins psychiatriques sp\u00e9cialis\u00e9s, contribuant ainsi \u00e0 l&rsquo;infrastructure de soins de sant\u00e9 de la r\u00e9gion. <\/p>\n\t\t\t\t\t\t\t\t<\/div>\n\t\t\t\t<\/div>\n\t\t\t\t<div class=\"elementor-element elementor-element-9e58606 elementor-widget__width-inherit elementor-widget elementor-widget-image\" data-id=\"9e58606\" data-element_type=\"widget\" data-e-type=\"widget\" data-widget_type=\"image.default\">\n\t\t\t\t<div class=\"elementor-widget-container\">\n\t\t\t\t\t\t\t\t\t\t\t\t\t\t\t<img fetchpriority=\"high\" decoding=\"async\" width=\"1020\" height=\"560\" src=\"https:\/\/www.anixton.com\/wp-content\/uploads\/2024\/04\/Anixton_News_2024_007_01.jpeg\" class=\"attachment-full size-full wp-image-8088\" alt=\"\" srcset=\"https:\/\/www.anixton.com\/wp-content\/uploads\/2024\/04\/Anixton_News_2024_007_01.jpeg 1020w, https:\/\/www.anixton.com\/wp-content\/uploads\/2024\/04\/Anixton_News_2024_007_01-300x165.jpeg 300w, https:\/\/www.anixton.com\/wp-content\/uploads\/2024\/04\/Anixton_News_2024_007_01-768x422.jpeg 768w\" sizes=\"(max-width: 1020px) 100vw, 1020px\" \/>\t\t\t\t\t\t\t\t\t\t\t\t\t\t\t<\/div>\n\t\t\t\t<\/div>\n\t\t\t\t<div class=\"elementor-element elementor-element-aa2211c elementor-invisible elementor-widget elementor-widget-text-editor\" data-id=\"aa2211c\" data-element_type=\"widget\" data-e-type=\"widget\" data-settings=\"{&quot;_animation&quot;:&quot;fadeIn&quot;,&quot;_animation_delay&quot;:600}\" data-widget_type=\"text-editor.default\">\n\t\t\t\t<div class=\"elementor-widget-container\">\n\t\t\t\t\t\t\t\t\t<p>De plus, Anixton a jou\u00e9 un r\u00f4le central dans la n\u00e9gociation d&rsquo;une convention d&rsquo;occupation temporaire (COT) impliquant la R\u00e9gion de Bruxelles-Capitale, le groupe de familles sans-abri occupant le site et le nouveau propri\u00e9taire. Cet accord a permis de garantir l&rsquo;occupation l\u00e9gale et s\u00e9curis\u00e9e du site, \u00e9vitant ainsi l&rsquo;expulsion de plus de 100 personnes, dont de nombreuses familles avec enfants. <\/p>\n\t\t\t\t\t\t\t\t<\/div>\n\t\t\t\t<\/div>\n\t\t\t\t\t<\/div>\n\t\t\t\t<\/div>\n\t\t\t\t<\/div>\n\t\t","protected":false},"excerpt":{"rendered":"<p>R\u00f4le de conseil strat\u00e9gique dans la transformation d&rsquo;un actif cl\u00e9 du secteur des soins de sant\u00e9 Anixton a agi en tant que conseiller de confiance dans la vente de la maison de repos Van Zande, une propri\u00e9t\u00e9 de 3.500 m\u00b2 \u00e0 Bruxelles, au Centre Hospitalier Jean Titeca. Le site sera transform\u00e9 en un centre de [&hellip;]<\/p>\n","protected":false},"author":21,"featured_media":8088,"comment_status":"closed","ping_status":"open","sticky":false,"template":"","format":"standard","meta":{"site-sidebar-layout":"default","site-content-layout":"","ast-site-content-layout":"default","site-content-style":"default","site-sidebar-style":"default","ast-global-header-display":"","ast-banner-title-visibility":"","ast-main-header-display":"","ast-hfb-above-header-display":"","ast-hfb-below-header-display":"","ast-hfb-mobile-header-display":"","site-post-title":"","ast-breadcrumbs-content":"","ast-featured-img":"","footer-sml-layout":"","ast-disable-related-posts":"","theme-transparent-header-meta":"","adv-header-id-meta":"","stick-header-meta":"","header-above-stick-meta":"","header-main-stick-meta":"","header-below-stick-meta":"","astra-migrate-meta-layouts":"default","ast-page-background-enabled":"default","ast-page-background-meta":{"desktop":{"background-color":"","background-image":"","background-repeat":"repeat","background-position":"center center","background-size":"auto","background-attachment":"scroll","background-type":"","background-media":"","overlay-type":"","overlay-color":"","overlay-opacity":"","overlay-gradient":""},"tablet":{"background-color":"","background-image":"","background-repeat":"repeat","background-position":"center center","background-size":"auto","background-attachment":"scroll","background-type":"","background-media":"","overlay-type":"","overlay-color":"","overlay-opacity":"","overlay-gradient":""},"mobile":{"background-color":"","background-image":"","background-repeat":"repeat","background-position":"center center","background-size":"auto","background-attachment":"scroll","background-type":"","background-media":"","overlay-type":"","overlay-color":"","overlay-opacity":"","overlay-gradient":""}},"ast-content-background-meta":{"desktop":{"background-color":"var(--ast-global-color-5)","background-image":"","background-repeat":"repeat","background-position":"center center","background-size":"auto","background-attachment":"scroll","background-type":"","background-media":"","overlay-type":"","overlay-color":"","overlay-opacity":"","overlay-gradient":""},"tablet":{"background-color":"var(--ast-global-color-5)","background-image":"","background-repeat":"repeat","background-position":"center center","background-size":"auto","background-attachment":"scroll","background-type":"","background-media":"","overlay-type":"","overlay-color":"","overlay-opacity":"","overlay-gradient":""},"mobile":{"background-color":"var(--ast-global-color-5)","background-image":"","background-repeat":"repeat","background-position":"center center","background-size":"auto","background-attachment":"scroll","background-type":"","background-media":"","overlay-type":"","overlay-color":"","overlay-opacity":"","overlay-gradient":""}},"footnotes":""},"categories":[41],"tags":[],"class_list":["post-9018","post","type-post","status-publish","format-standard","has-post-thumbnail","hentry","category-non-classifiee"],"yoast_head":"<!-- This site is optimized with the Yoast SEO plugin v27.4 - https:\/\/yoast.com\/product\/yoast-seo-wordpress\/ -->\n<title>Anixton conseille la vente de la maison de retraite Van Zande<\/title>\n<meta name=\"description\" content=\"Anixton facilite la vente de la maison de repos Van Zande et n\u00e9gocie une convention d&#039;occupation temporaire, contribuant ainsi aux soins de sant\u00e9 et \u00e0 l&#039;infrastructure sociale de Bruxelles.\" \/>\n<meta name=\"robots\" content=\"index, follow, max-snippet:-1, max-image-preview:large, max-video-preview:-1\" \/>\n<link rel=\"canonical\" href=\"https:\/\/www.anixton.com\/fr\/anixton-conseille-la-vente-strategique-de-la-maison-de-retraite-van-zande\/\" \/>\n<meta property=\"og:locale\" content=\"fr_FR\" \/>\n<meta property=\"og:type\" content=\"article\" \/>\n<meta property=\"og:title\" content=\"Anixton conseille la vente de la maison de retraite Van Zande\" \/>\n<meta property=\"og:description\" content=\"Anixton facilite la vente de la maison de repos Van Zande et n\u00e9gocie une convention d&#039;occupation temporaire, contribuant ainsi aux soins de sant\u00e9 et \u00e0 l&#039;infrastructure sociale de Bruxelles.\" \/>\n<meta property=\"og:url\" content=\"https:\/\/www.anixton.com\/fr\/anixton-conseille-la-vente-strategique-de-la-maison-de-retraite-van-zande\/\" \/>\n<meta property=\"og:site_name\" content=\"ANIXTON\" \/>\n<meta property=\"article:publisher\" content=\"https:\/\/www.facebook.com\/anixton.realestate\" \/>\n<meta property=\"article:published_time\" content=\"2024-04-26T07:27:00+00:00\" \/>\n<meta property=\"article:modified_time\" content=\"2024-11-27T00:56:31+00:00\" \/>\n<meta property=\"og:image\" content=\"https:\/\/www.anixton.com\/wp-content\/uploads\/2020\/02\/ANIXTON_LOGO_HORIZONTAL_for-background-Navy.png\" \/>\n\t<meta property=\"og:image:width\" content=\"16368\" \/>\n\t<meta property=\"og:image:height\" content=\"3469\" \/>\n\t<meta property=\"og:image:type\" content=\"image\/png\" \/><meta property=\"og:image\" content=\"https:\/\/www.anixton.com\/wp-content\/uploads\/2024\/04\/Anixton_News_2024_007_01.jpeg\" \/>\n\t<meta property=\"og:image:width\" content=\"1020\" \/>\n\t<meta property=\"og:image:height\" content=\"560\" \/>\n\t<meta property=\"og:image:type\" content=\"image\/jpeg\" \/>\n<meta name=\"author\" content=\"Anixton\" \/>\n<meta name=\"twitter:card\" content=\"summary_large_image\" \/>\n<meta name=\"twitter:creator\" content=\"@anixton\" \/>\n<meta name=\"twitter:site\" content=\"@anixton\" \/>\n<meta name=\"twitter:label1\" content=\"\u00c9crit par\" \/>\n\t<meta name=\"twitter:data1\" content=\"Anixton\" \/>\n\t<meta name=\"twitter:label2\" content=\"Dur\u00e9e de lecture estim\u00e9e\" \/>\n\t<meta name=\"twitter:data2\" content=\"1 minute\" \/>\n<script type=\"application\/ld+json\" class=\"yoast-schema-graph\">{\"@context\":\"https:\\\/\\\/schema.org\",\"@graph\":[{\"@type\":\"Article\",\"@id\":\"https:\\\/\\\/www.anixton.com\\\/fr\\\/anixton-conseille-la-vente-strategique-de-la-maison-de-retraite-van-zande\\\/#article\",\"isPartOf\":{\"@id\":\"https:\\\/\\\/www.anixton.com\\\/fr\\\/anixton-conseille-la-vente-strategique-de-la-maison-de-retraite-van-zande\\\/\"},\"author\":{\"name\":\"Anixton\",\"@id\":\"https:\\\/\\\/www.anixton.com\\\/fr\\\/#\\\/schema\\\/person\\\/c26993d2408e0f9c37a1b168db54565d\"},\"headline\":\"Anixton conseille la vente strat\u00e9gique de la maison de retraite Van Zande\",\"datePublished\":\"2024-04-26T07:27:00+00:00\",\"dateModified\":\"2024-11-27T00:56:31+00:00\",\"mainEntityOfPage\":{\"@id\":\"https:\\\/\\\/www.anixton.com\\\/fr\\\/anixton-conseille-la-vente-strategique-de-la-maison-de-retraite-van-zande\\\/\"},\"wordCount\":156,\"publisher\":{\"@id\":\"https:\\\/\\\/www.anixton.com\\\/fr\\\/#organization\"},\"image\":{\"@id\":\"https:\\\/\\\/www.anixton.com\\\/fr\\\/anixton-conseille-la-vente-strategique-de-la-maison-de-retraite-van-zande\\\/#primaryimage\"},\"thumbnailUrl\":\"https:\\\/\\\/www.anixton.com\\\/wp-content\\\/uploads\\\/2024\\\/04\\\/Anixton_News_2024_007_01.jpeg\",\"articleSection\":[\"Non classifi\u00e9(e)\"],\"inLanguage\":\"fr-FR\"},{\"@type\":\"WebPage\",\"@id\":\"https:\\\/\\\/www.anixton.com\\\/fr\\\/anixton-conseille-la-vente-strategique-de-la-maison-de-retraite-van-zande\\\/\",\"url\":\"https:\\\/\\\/www.anixton.com\\\/fr\\\/anixton-conseille-la-vente-strategique-de-la-maison-de-retraite-van-zande\\\/\",\"name\":\"Anixton conseille la vente de la maison de retraite Van Zande\",\"isPartOf\":{\"@id\":\"https:\\\/\\\/www.anixton.com\\\/fr\\\/#website\"},\"primaryImageOfPage\":{\"@id\":\"https:\\\/\\\/www.anixton.com\\\/fr\\\/anixton-conseille-la-vente-strategique-de-la-maison-de-retraite-van-zande\\\/#primaryimage\"},\"image\":{\"@id\":\"https:\\\/\\\/www.anixton.com\\\/fr\\\/anixton-conseille-la-vente-strategique-de-la-maison-de-retraite-van-zande\\\/#primaryimage\"},\"thumbnailUrl\":\"https:\\\/\\\/www.anixton.com\\\/wp-content\\\/uploads\\\/2024\\\/04\\\/Anixton_News_2024_007_01.jpeg\",\"datePublished\":\"2024-04-26T07:27:00+00:00\",\"dateModified\":\"2024-11-27T00:56:31+00:00\",\"description\":\"Anixton facilite la vente de la maison de repos Van Zande et n\u00e9gocie une convention d'occupation temporaire, contribuant ainsi aux soins de sant\u00e9 et \u00e0 l'infrastructure sociale de Bruxelles.\",\"breadcrumb\":{\"@id\":\"https:\\\/\\\/www.anixton.com\\\/fr\\\/anixton-conseille-la-vente-strategique-de-la-maison-de-retraite-van-zande\\\/#breadcrumb\"},\"inLanguage\":\"fr-FR\",\"potentialAction\":[{\"@type\":\"ReadAction\",\"target\":[\"https:\\\/\\\/www.anixton.com\\\/fr\\\/anixton-conseille-la-vente-strategique-de-la-maison-de-retraite-van-zande\\\/\"]}]},{\"@type\":\"ImageObject\",\"inLanguage\":\"fr-FR\",\"@id\":\"https:\\\/\\\/www.anixton.com\\\/fr\\\/anixton-conseille-la-vente-strategique-de-la-maison-de-retraite-van-zande\\\/#primaryimage\",\"url\":\"https:\\\/\\\/www.anixton.com\\\/wp-content\\\/uploads\\\/2024\\\/04\\\/Anixton_News_2024_007_01.jpeg\",\"contentUrl\":\"https:\\\/\\\/www.anixton.com\\\/wp-content\\\/uploads\\\/2024\\\/04\\\/Anixton_News_2024_007_01.jpeg\",\"width\":1020,\"height\":560},{\"@type\":\"BreadcrumbList\",\"@id\":\"https:\\\/\\\/www.anixton.com\\\/fr\\\/anixton-conseille-la-vente-strategique-de-la-maison-de-retraite-van-zande\\\/#breadcrumb\",\"itemListElement\":[{\"@type\":\"ListItem\",\"position\":1,\"name\":\"Home\",\"item\":\"https:\\\/\\\/www.anixton.com\\\/fr\\\/\"},{\"@type\":\"ListItem\",\"position\":2,\"name\":\"Anixton conseille la vente strat\u00e9gique de la maison de retraite Van Zande\"}]},{\"@type\":\"WebSite\",\"@id\":\"https:\\\/\\\/www.anixton.com\\\/fr\\\/#website\",\"url\":\"https:\\\/\\\/www.anixton.com\\\/fr\\\/\",\"name\":\"ANIXTON\",\"description\":\"\",\"publisher\":{\"@id\":\"https:\\\/\\\/www.anixton.com\\\/fr\\\/#organization\"},\"potentialAction\":[{\"@type\":\"SearchAction\",\"target\":{\"@type\":\"EntryPoint\",\"urlTemplate\":\"https:\\\/\\\/www.anixton.com\\\/fr\\\/?s={search_term_string}\"},\"query-input\":{\"@type\":\"PropertyValueSpecification\",\"valueRequired\":true,\"valueName\":\"search_term_string\"}}],\"inLanguage\":\"fr-FR\"},{\"@type\":\"Organization\",\"@id\":\"https:\\\/\\\/www.anixton.com\\\/fr\\\/#organization\",\"name\":\"ANIXTON\",\"url\":\"https:\\\/\\\/www.anixton.com\\\/fr\\\/\",\"logo\":{\"@type\":\"ImageObject\",\"inLanguage\":\"fr-FR\",\"@id\":\"https:\\\/\\\/www.anixton.com\\\/fr\\\/#\\\/schema\\\/logo\\\/image\\\/\",\"url\":\"https:\\\/\\\/www.anixton.com\\\/wp-content\\\/uploads\\\/2020\\\/02\\\/ANIXTON_LOGO_HORIZONTAL_for-background-Navy.png\",\"contentUrl\":\"https:\\\/\\\/www.anixton.com\\\/wp-content\\\/uploads\\\/2020\\\/02\\\/ANIXTON_LOGO_HORIZONTAL_for-background-Navy.png\",\"width\":16368,\"height\":3469,\"caption\":\"ANIXTON\"},\"image\":{\"@id\":\"https:\\\/\\\/www.anixton.com\\\/fr\\\/#\\\/schema\\\/logo\\\/image\\\/\"},\"sameAs\":[\"https:\\\/\\\/www.facebook.com\\\/anixton.realestate\",\"https:\\\/\\\/x.com\\\/anixton\",\"https:\\\/\\\/www.linkedin.com\\\/company\\\/anixton\\\/?viewAsMember=true\",\"https:\\\/\\\/www.tiktok.com\\\/@anixton.com\",\"https:\\\/\\\/www.instagram.com\\\/anixton\\\/\"]},{\"@type\":\"Person\",\"@id\":\"https:\\\/\\\/www.anixton.com\\\/fr\\\/#\\\/schema\\\/person\\\/c26993d2408e0f9c37a1b168db54565d\",\"name\":\"Anixton\",\"image\":{\"@type\":\"ImageObject\",\"inLanguage\":\"fr-FR\",\"@id\":\"https:\\\/\\\/secure.gravatar.com\\\/avatar\\\/b289ad38e278234a1ed0e1d6b7d61d73d4bf032b1098b5f138eda58e78faae35?s=96&d=mm&r=g\",\"url\":\"https:\\\/\\\/secure.gravatar.com\\\/avatar\\\/b289ad38e278234a1ed0e1d6b7d61d73d4bf032b1098b5f138eda58e78faae35?s=96&d=mm&r=g\",\"contentUrl\":\"https:\\\/\\\/secure.gravatar.com\\\/avatar\\\/b289ad38e278234a1ed0e1d6b7d61d73d4bf032b1098b5f138eda58e78faae35?s=96&d=mm&r=g\",\"caption\":\"Anixton\"}}]}<\/script>\n<!-- \/ Yoast SEO plugin. -->","yoast_head_json":{"title":"Anixton conseille la vente de la maison de retraite Van Zande","description":"Anixton facilite la vente de la maison de repos Van Zande et n\u00e9gocie une convention d'occupation temporaire, contribuant ainsi aux soins de sant\u00e9 et \u00e0 l'infrastructure sociale de Bruxelles.","robots":{"index":"index","follow":"follow","max-snippet":"max-snippet:-1","max-image-preview":"max-image-preview:large","max-video-preview":"max-video-preview:-1"},"canonical":"https:\/\/www.anixton.com\/fr\/anixton-conseille-la-vente-strategique-de-la-maison-de-retraite-van-zande\/","og_locale":"fr_FR","og_type":"article","og_title":"Anixton conseille la vente de la maison de retraite Van Zande","og_description":"Anixton facilite la vente de la maison de repos Van Zande et n\u00e9gocie une convention d'occupation temporaire, contribuant ainsi aux soins de sant\u00e9 et \u00e0 l'infrastructure sociale de Bruxelles.","og_url":"https:\/\/www.anixton.com\/fr\/anixton-conseille-la-vente-strategique-de-la-maison-de-retraite-van-zande\/","og_site_name":"ANIXTON","article_publisher":"https:\/\/www.facebook.com\/anixton.realestate","article_published_time":"2024-04-26T07:27:00+00:00","article_modified_time":"2024-11-27T00:56:31+00:00","og_image":[{"width":16368,"height":3469,"url":"https:\/\/www.anixton.com\/wp-content\/uploads\/2020\/02\/ANIXTON_LOGO_HORIZONTAL_for-background-Navy.png","type":"image\/png"},{"width":1020,"height":560,"url":"https:\/\/www.anixton.com\/wp-content\/uploads\/2024\/04\/Anixton_News_2024_007_01.jpeg","type":"image\/jpeg"}],"author":"Anixton","twitter_card":"summary_large_image","twitter_creator":"@anixton","twitter_site":"@anixton","twitter_misc":{"\u00c9crit par":"Anixton","Dur\u00e9e de lecture estim\u00e9e":"1 minute"},"schema":{"@context":"https:\/\/schema.org","@graph":[{"@type":"Article","@id":"https:\/\/www.anixton.com\/fr\/anixton-conseille-la-vente-strategique-de-la-maison-de-retraite-van-zande\/#article","isPartOf":{"@id":"https:\/\/www.anixton.com\/fr\/anixton-conseille-la-vente-strategique-de-la-maison-de-retraite-van-zande\/"},"author":{"name":"Anixton","@id":"https:\/\/www.anixton.com\/fr\/#\/schema\/person\/c26993d2408e0f9c37a1b168db54565d"},"headline":"Anixton conseille la vente strat\u00e9gique de la maison de retraite Van Zande","datePublished":"2024-04-26T07:27:00+00:00","dateModified":"2024-11-27T00:56:31+00:00","mainEntityOfPage":{"@id":"https:\/\/www.anixton.com\/fr\/anixton-conseille-la-vente-strategique-de-la-maison-de-retraite-van-zande\/"},"wordCount":156,"publisher":{"@id":"https:\/\/www.anixton.com\/fr\/#organization"},"image":{"@id":"https:\/\/www.anixton.com\/fr\/anixton-conseille-la-vente-strategique-de-la-maison-de-retraite-van-zande\/#primaryimage"},"thumbnailUrl":"https:\/\/www.anixton.com\/wp-content\/uploads\/2024\/04\/Anixton_News_2024_007_01.jpeg","articleSection":["Non classifi\u00e9(e)"],"inLanguage":"fr-FR"},{"@type":"WebPage","@id":"https:\/\/www.anixton.com\/fr\/anixton-conseille-la-vente-strategique-de-la-maison-de-retraite-van-zande\/","url":"https:\/\/www.anixton.com\/fr\/anixton-conseille-la-vente-strategique-de-la-maison-de-retraite-van-zande\/","name":"Anixton conseille la vente de la maison de retraite Van Zande","isPartOf":{"@id":"https:\/\/www.anixton.com\/fr\/#website"},"primaryImageOfPage":{"@id":"https:\/\/www.anixton.com\/fr\/anixton-conseille-la-vente-strategique-de-la-maison-de-retraite-van-zande\/#primaryimage"},"image":{"@id":"https:\/\/www.anixton.com\/fr\/anixton-conseille-la-vente-strategique-de-la-maison-de-retraite-van-zande\/#primaryimage"},"thumbnailUrl":"https:\/\/www.anixton.com\/wp-content\/uploads\/2024\/04\/Anixton_News_2024_007_01.jpeg","datePublished":"2024-04-26T07:27:00+00:00","dateModified":"2024-11-27T00:56:31+00:00","description":"Anixton facilite la vente de la maison de repos Van Zande et n\u00e9gocie une convention d'occupation temporaire, contribuant ainsi aux soins de sant\u00e9 et \u00e0 l'infrastructure sociale de Bruxelles.","breadcrumb":{"@id":"https:\/\/www.anixton.com\/fr\/anixton-conseille-la-vente-strategique-de-la-maison-de-retraite-van-zande\/#breadcrumb"},"inLanguage":"fr-FR","potentialAction":[{"@type":"ReadAction","target":["https:\/\/www.anixton.com\/fr\/anixton-conseille-la-vente-strategique-de-la-maison-de-retraite-van-zande\/"]}]},{"@type":"ImageObject","inLanguage":"fr-FR","@id":"https:\/\/www.anixton.com\/fr\/anixton-conseille-la-vente-strategique-de-la-maison-de-retraite-van-zande\/#primaryimage","url":"https:\/\/www.anixton.com\/wp-content\/uploads\/2024\/04\/Anixton_News_2024_007_01.jpeg","contentUrl":"https:\/\/www.anixton.com\/wp-content\/uploads\/2024\/04\/Anixton_News_2024_007_01.jpeg","width":1020,"height":560},{"@type":"BreadcrumbList","@id":"https:\/\/www.anixton.com\/fr\/anixton-conseille-la-vente-strategique-de-la-maison-de-retraite-van-zande\/#breadcrumb","itemListElement":[{"@type":"ListItem","position":1,"name":"Home","item":"https:\/\/www.anixton.com\/fr\/"},{"@type":"ListItem","position":2,"name":"Anixton conseille la vente strat\u00e9gique de la maison de retraite Van Zande"}]},{"@type":"WebSite","@id":"https:\/\/www.anixton.com\/fr\/#website","url":"https:\/\/www.anixton.com\/fr\/","name":"ANIXTON","description":"","publisher":{"@id":"https:\/\/www.anixton.com\/fr\/#organization"},"potentialAction":[{"@type":"SearchAction","target":{"@type":"EntryPoint","urlTemplate":"https:\/\/www.anixton.com\/fr\/?s={search_term_string}"},"query-input":{"@type":"PropertyValueSpecification","valueRequired":true,"valueName":"search_term_string"}}],"inLanguage":"fr-FR"},{"@type":"Organization","@id":"https:\/\/www.anixton.com\/fr\/#organization","name":"ANIXTON","url":"https:\/\/www.anixton.com\/fr\/","logo":{"@type":"ImageObject","inLanguage":"fr-FR","@id":"https:\/\/www.anixton.com\/fr\/#\/schema\/logo\/image\/","url":"https:\/\/www.anixton.com\/wp-content\/uploads\/2020\/02\/ANIXTON_LOGO_HORIZONTAL_for-background-Navy.png","contentUrl":"https:\/\/www.anixton.com\/wp-content\/uploads\/2020\/02\/ANIXTON_LOGO_HORIZONTAL_for-background-Navy.png","width":16368,"height":3469,"caption":"ANIXTON"},"image":{"@id":"https:\/\/www.anixton.com\/fr\/#\/schema\/logo\/image\/"},"sameAs":["https:\/\/www.facebook.com\/anixton.realestate","https:\/\/x.com\/anixton","https:\/\/www.linkedin.com\/company\/anixton\/?viewAsMember=true","https:\/\/www.tiktok.com\/@anixton.com","https:\/\/www.instagram.com\/anixton\/"]},{"@type":"Person","@id":"https:\/\/www.anixton.com\/fr\/#\/schema\/person\/c26993d2408e0f9c37a1b168db54565d","name":"Anixton","image":{"@type":"ImageObject","inLanguage":"fr-FR","@id":"https:\/\/secure.gravatar.com\/avatar\/b289ad38e278234a1ed0e1d6b7d61d73d4bf032b1098b5f138eda58e78faae35?s=96&d=mm&r=g","url":"https:\/\/secure.gravatar.com\/avatar\/b289ad38e278234a1ed0e1d6b7d61d73d4bf032b1098b5f138eda58e78faae35?s=96&d=mm&r=g","contentUrl":"https:\/\/secure.gravatar.com\/avatar\/b289ad38e278234a1ed0e1d6b7d61d73d4bf032b1098b5f138eda58e78faae35?s=96&d=mm&r=g","caption":"Anixton"}}]}},"_links":{"self":[{"href":"https:\/\/www.anixton.com\/fr\/wp-json\/wp\/v2\/posts\/9018","targetHints":{"allow":["GET"]}}],"collection":[{"href":"https:\/\/www.anixton.com\/fr\/wp-json\/wp\/v2\/posts"}],"about":[{"href":"https:\/\/www.anixton.com\/fr\/wp-json\/wp\/v2\/types\/post"}],"author":[{"embeddable":true,"href":"https:\/\/www.anixton.com\/fr\/wp-json\/wp\/v2\/users\/21"}],"replies":[{"embeddable":true,"href":"https:\/\/www.anixton.com\/fr\/wp-json\/wp\/v2\/comments?post=9018"}],"version-history":[{"count":1,"href":"https:\/\/www.anixton.com\/fr\/wp-json\/wp\/v2\/posts\/9018\/revisions"}],"predecessor-version":[{"id":9019,"href":"https:\/\/www.anixton.com\/fr\/wp-json\/wp\/v2\/posts\/9018\/revisions\/9019"}],"wp:featuredmedia":[{"embeddable":true,"href":"https:\/\/www.anixton.com\/fr\/wp-json\/wp\/v2\/media\/8088"}],"wp:attachment":[{"href":"https:\/\/www.anixton.com\/fr\/wp-json\/wp\/v2\/media?parent=9018"}],"wp:term":[{"taxonomy":"category","embeddable":true,"href":"https:\/\/www.anixton.com\/fr\/wp-json\/wp\/v2\/categories?post=9018"},{"taxonomy":"post_tag","embeddable":true,"href":"https:\/\/www.anixton.com\/fr\/wp-json\/wp\/v2\/tags?post=9018"}],"curies":[{"name":"wp","href":"https:\/\/api.w.org\/{rel}","templated":true}]}}