{"id":9054,"date":"2024-02-08T13:42:00","date_gmt":"2024-02-08T13:42:00","guid":{"rendered":"https:\/\/www.anixton.com\/anixton-cherche-un-partenaire-pour-le-projet-terrasses-de-namur\/"},"modified":"2024-11-27T00:58:47","modified_gmt":"2024-11-27T00:58:47","slug":"anixton-cherche-un-partenaire-pour-le-projet-terrasses-de-namur","status":"publish","type":"post","link":"https:\/\/www.anixton.com\/fr\/anixton-cherche-un-partenaire-pour-le-projet-terrasses-de-namur\/","title":{"rendered":"Anixton cherche un partenaire pour le projet \u00ab\u00a0Terrasses de Namur"},"content":{"rendered":"\t\t<div data-elementor-type=\"wp-post\" data-elementor-id=\"9054\" class=\"elementor elementor-9054 elementor-6788\" data-elementor-post-type=\"post\">\n\t\t\t\t<div class=\"elementor-element elementor-element-c613ff0 e-flex e-con-boxed e-con e-parent\" data-id=\"c613ff0\" data-element_type=\"container\" data-e-type=\"container\">\n\t\t\t\t\t<div class=\"e-con-inner\">\n\t\t\t\t<div class=\"elementor-element elementor-element-25c1da6 elementor-invisible elementor-widget elementor-widget-heading\" data-id=\"25c1da6\" data-element_type=\"widget\" data-e-type=\"widget\" data-settings=\"{&quot;_animation&quot;:&quot;fadeIn&quot;}\" data-widget_type=\"heading.default\">\n\t\t\t\t<div class=\"elementor-widget-container\">\n\t\t\t\t\t<h2 class=\"elementor-heading-title elementor-size-default\">D\u00e9veloppement r\u00e9sidentiel \u00e0 Namur pr\u00eat pour une livraison en 2025<\/h2>\t\t\t\t<\/div>\n\t\t\t\t<\/div>\n\t\t\t\t<div class=\"elementor-element elementor-element-98fb96f elementor-invisible elementor-widget elementor-widget-text-editor\" data-id=\"98fb96f\" data-element_type=\"widget\" data-e-type=\"widget\" data-settings=\"{&quot;_animation&quot;:&quot;fadeIn&quot;,&quot;_animation_delay&quot;:600}\" data-widget_type=\"text-editor.default\">\n\t\t\t\t<div class=\"elementor-widget-container\">\n\t\t\t\t\t\t\t\t\t<p>Anixton a \u00e9t\u00e9 mandat\u00e9 en exclusivit\u00e9 pour trouver un partenaire ou un acheteur pour le projet r\u00e9sidentiel \u00ab\u00a0Terrasses de Namur\u00a0\u00bb, situ\u00e9 \u00e0 proximit\u00e9 du centre ville dans le Haut de Bomel. Le projet, enti\u00e8rement lib\u00e9r\u00e9 des demandes de permis, comprend 46 appartements class\u00e9s EPB A, \u00e9quip\u00e9s de panneaux photovolta\u00efques, de pompes \u00e0 chaleur et de syst\u00e8mes VMC, ainsi qu&rsquo;une unit\u00e9 commerciale dans deux b\u00e2timents distincts entour\u00e9s d&rsquo;un grand jardin. La livraison est pr\u00e9vue pour 2025.  <\/p>\n\t\t\t\t\t\t\t\t<\/div>\n\t\t\t\t<\/div>\n\t\t\t\t<div class=\"elementor-element elementor-element-62fa7e5 elementor-skin-carousel elementor-arrows-yes elementor-widget elementor-widget-media-carousel\" data-id=\"62fa7e5\" data-element_type=\"widget\" data-e-type=\"widget\" data-settings=\"{&quot;slides_per_view&quot;:&quot;1&quot;,&quot;slides_per_view_tablet&quot;:&quot;1&quot;,&quot;slides_to_scroll&quot;:&quot;1&quot;,&quot;autoplay_speed&quot;:2000,&quot;skin&quot;:&quot;carousel&quot;,&quot;effect&quot;:&quot;slide&quot;,&quot;show_arrows&quot;:&quot;yes&quot;,&quot;speed&quot;:500,&quot;autoplay&quot;:&quot;yes&quot;,&quot;loop&quot;:&quot;yes&quot;,&quot;pause_on_hover&quot;:&quot;yes&quot;,&quot;pause_on_interaction&quot;:&quot;yes&quot;,&quot;space_between&quot;:{&quot;unit&quot;:&quot;px&quot;,&quot;size&quot;:10,&quot;sizes&quot;:[]},&quot;space_between_tablet&quot;:{&quot;unit&quot;:&quot;px&quot;,&quot;size&quot;:10,&quot;sizes&quot;:[]},&quot;space_between_mobile&quot;:{&quot;unit&quot;:&quot;px&quot;,&quot;size&quot;:10,&quot;sizes&quot;:[]}}\" data-widget_type=\"media-carousel.default\">\n\t\t\t\t<div class=\"elementor-widget-container\">\n\t\t\t\t\t\t\t\t\t<div class=\"elementor-swiper\">\n\t\t\t\t\t<div class=\"elementor-main-swiper swiper\" role=\"region\" aria-roledescription=\"carousel\" aria-label=\"Diapositives\">\n\t\t\t\t<div class=\"swiper-wrapper\">\n\t\t\t\t\t\t\t\t\t\t\t<div class=\"swiper-slide\" role=\"group\" aria-roledescription=\"slide\">\n\t\t\t\t\t\t\t\t\t<div class=\"elementor-carousel-image\" role=\"img\" aria-label=\"A modern brick residential building with balconies, large windows, and ground-level parking, surrounded by greenery and a vibrant urban environment.\" style=\"background-image: url(&#039;https:\/\/www.anixton.com\/wp-content\/uploads\/2024\/11\/Anixton_News_2024_002_01.jpeg&#039;)\">\n\n\t\t\t\n\t\t\t\t\t<\/div>\n\t\t\t\t\t\t\t\t<\/div>\n\t\t\t\t\t\t\t\t\t\t\t<div class=\"swiper-slide\" role=\"group\" aria-roledescription=\"slide\">\n\t\t\t\t\t\t\t\t\t<div class=\"elementor-carousel-image\" role=\"img\" aria-label=\"A modern residential complex with brick facades, balconies, and lush greenery, set against a clear blue sky.\" style=\"background-image: url(&#039;https:\/\/www.anixton.com\/wp-content\/uploads\/2024\/02\/Anixton_News_2024_002_02.jpeg&#039;)\">\n\n\t\t\t\n\t\t\t\t\t<\/div>\n\t\t\t\t\t\t\t\t<\/div>\n\t\t\t\t\t\t\t\t\t\t\t<div class=\"swiper-slide\" role=\"group\" aria-roledescription=\"slide\">\n\t\t\t\t\t\t\t\t\t<div class=\"elementor-carousel-image\" role=\"img\" aria-label=\"An aerial view of a residential neighborhood featuring modern apartment complexes surrounded by lush greenery and traditional homes.\" style=\"background-image: url(&#039;https:\/\/www.anixton.com\/wp-content\/uploads\/2024\/02\/Anixton_News_2024_002_03.jpeg&#039;)\">\n\n\t\t\t\n\t\t\t\t\t<\/div>\n\t\t\t\t\t\t\t\t<\/div>\n\t\t\t\t\t\t\t\t\t\t\t<div class=\"swiper-slide\" role=\"group\" aria-roledescription=\"slide\">\n\t\t\t\t\t\t\t\t\t<div class=\"elementor-carousel-image\" role=\"img\" aria-label=\"An overhead view of a residential development surrounded by greenery, featuring modern architecture, solar panels, and landscaped gardens.\" style=\"background-image: url(&#039;https:\/\/www.anixton.com\/wp-content\/uploads\/2024\/02\/Anixton_News_2024_002_04.jpeg&#039;)\">\n\n\t\t\t\n\t\t\t\t\t<\/div>\n\t\t\t\t\t\t\t\t<\/div>\n\t\t\t\t\t\t\t\t\t<\/div>\n\t\t\t\t\t\t\t\t\t\t\t\t\t\t\t<div class=\"elementor-swiper-button elementor-swiper-button-prev\" role=\"button\" tabindex=\"0\" aria-label=\"Pr\u00e9c\u00e9dent\">\n\t\t\t\t\t\t\t<i aria-hidden=\"true\" class=\"eicon-chevron-left\"><\/i>\t\t\t\t\t\t<\/div>\n\t\t\t\t\t\t<div class=\"elementor-swiper-button elementor-swiper-button-next\" role=\"button\" tabindex=\"0\" aria-label=\"Suivant\">\n\t\t\t\t\t\t\t<i aria-hidden=\"true\" class=\"eicon-chevron-right\"><\/i>\t\t\t\t\t\t<\/div>\n\t\t\t\t\t\t\t\t\t\t\t\t\t\t\t\t\t<\/div>\n\t\t\t\t<\/div>\n\t\t\t\t\t\t\t\t<\/div>\n\t\t\t\t<\/div>\n\t\t\t\t\t<\/div>\n\t\t\t\t<\/div>\n\t\t\t\t<\/div>\n\t\t","protected":false},"excerpt":{"rendered":"<p>D\u00e9veloppement r\u00e9sidentiel \u00e0 Namur pr\u00eat pour une livraison en 2025 Anixton a \u00e9t\u00e9 mandat\u00e9 en exclusivit\u00e9 pour trouver un partenaire ou un acheteur pour le projet r\u00e9sidentiel \u00ab\u00a0Terrasses de Namur\u00a0\u00bb, situ\u00e9 \u00e0 proximit\u00e9 du centre ville dans le Haut de Bomel. Le projet, enti\u00e8rement lib\u00e9r\u00e9 des demandes de permis, comprend 46 appartements class\u00e9s EPB A, [&hellip;]<\/p>\n","protected":false},"author":21,"featured_media":8112,"comment_status":"closed","ping_status":"open","sticky":false,"template":"","format":"standard","meta":{"site-sidebar-layout":"default","site-content-layout":"","ast-site-content-layout":"default","site-content-style":"default","site-sidebar-style":"default","ast-global-header-display":"","ast-banner-title-visibility":"","ast-main-header-display":"","ast-hfb-above-header-display":"","ast-hfb-below-header-display":"","ast-hfb-mobile-header-display":"","site-post-title":"","ast-breadcrumbs-content":"","ast-featured-img":"","footer-sml-layout":"","ast-disable-related-posts":"","theme-transparent-header-meta":"","adv-header-id-meta":"","stick-header-meta":"","header-above-stick-meta":"","header-main-stick-meta":"","header-below-stick-meta":"","astra-migrate-meta-layouts":"default","ast-page-background-enabled":"default","ast-page-background-meta":{"desktop":{"background-color":"","background-image":"","background-repeat":"repeat","background-position":"center center","background-size":"auto","background-attachment":"scroll","background-type":"","background-media":"","overlay-type":"","overlay-color":"","overlay-opacity":"","overlay-gradient":""},"tablet":{"background-color":"","background-image":"","background-repeat":"repeat","background-position":"center center","background-size":"auto","background-attachment":"scroll","background-type":"","background-media":"","overlay-type":"","overlay-color":"","overlay-opacity":"","overlay-gradient":""},"mobile":{"background-color":"","background-image":"","background-repeat":"repeat","background-position":"center center","background-size":"auto","background-attachment":"scroll","background-type":"","background-media":"","overlay-type":"","overlay-color":"","overlay-opacity":"","overlay-gradient":""}},"ast-content-background-meta":{"desktop":{"background-color":"var(--ast-global-color-5)","background-image":"","background-repeat":"repeat","background-position":"center center","background-size":"auto","background-attachment":"scroll","background-type":"","background-media":"","overlay-type":"","overlay-color":"","overlay-opacity":"","overlay-gradient":""},"tablet":{"background-color":"var(--ast-global-color-5)","background-image":"","background-repeat":"repeat","background-position":"center center","background-size":"auto","background-attachment":"scroll","background-type":"","background-media":"","overlay-type":"","overlay-color":"","overlay-opacity":"","overlay-gradient":""},"mobile":{"background-color":"var(--ast-global-color-5)","background-image":"","background-repeat":"repeat","background-position":"center center","background-size":"auto","background-attachment":"scroll","background-type":"","background-media":"","overlay-type":"","overlay-color":"","overlay-opacity":"","overlay-gradient":""}},"footnotes":""},"categories":[41],"tags":[],"class_list":["post-9054","post","type-post","status-publish","format-standard","has-post-thumbnail","hentry","category-non-classifiee"],"yoast_head":"<!-- This site is optimized with the Yoast SEO plugin v27.4 - https:\/\/yoast.com\/product\/yoast-seo-wordpress\/ -->\n<title>Anixton cherche un partenaire pour le projet &quot;Terrasses de Namur<\/title>\n<meta name=\"description\" content=\"Opportunit\u00e9 exclusive : Partenaire d&#039;Anixton pour le projet &quot;Terrasses de Namur&quot; comprenant 46 appartements durables et un espace commercial. Livraison en 2025.\" \/>\n<meta name=\"robots\" content=\"index, follow, max-snippet:-1, max-image-preview:large, max-video-preview:-1\" \/>\n<link rel=\"canonical\" href=\"https:\/\/www.anixton.com\/fr\/anixton-cherche-un-partenaire-pour-le-projet-terrasses-de-namur\/\" \/>\n<meta property=\"og:locale\" content=\"fr_FR\" \/>\n<meta property=\"og:type\" content=\"article\" \/>\n<meta property=\"og:title\" content=\"Anixton cherche un partenaire pour le projet &quot;Terrasses de Namur\" \/>\n<meta property=\"og:description\" content=\"Opportunit\u00e9 exclusive : Partenaire d&#039;Anixton pour le projet &quot;Terrasses de Namur&quot; comprenant 46 appartements durables et un espace commercial. Livraison en 2025.\" \/>\n<meta property=\"og:url\" content=\"https:\/\/www.anixton.com\/fr\/anixton-cherche-un-partenaire-pour-le-projet-terrasses-de-namur\/\" \/>\n<meta property=\"og:site_name\" content=\"ANIXTON\" \/>\n<meta property=\"article:publisher\" content=\"https:\/\/www.facebook.com\/anixton.realestate\" \/>\n<meta property=\"article:published_time\" content=\"2024-02-08T13:42:00+00:00\" \/>\n<meta property=\"article:modified_time\" content=\"2024-11-27T00:58:47+00:00\" \/>\n<meta property=\"og:image\" content=\"https:\/\/www.anixton.com\/wp-content\/uploads\/2020\/02\/ANIXTON_LOGO_HORIZONTAL_for-background-Navy.png\" \/>\n\t<meta property=\"og:image:width\" content=\"16368\" \/>\n\t<meta property=\"og:image:height\" content=\"3469\" \/>\n\t<meta property=\"og:image:type\" content=\"image\/png\" \/><meta property=\"og:image\" content=\"https:\/\/www.anixton.com\/wp-content\/uploads\/2024\/11\/Anixton_News_2024_002_01.jpeg\" \/>\n\t<meta property=\"og:image:width\" content=\"1280\" \/>\n\t<meta property=\"og:image:height\" content=\"716\" \/>\n\t<meta property=\"og:image:type\" content=\"image\/jpeg\" \/>\n<meta name=\"author\" content=\"Anixton\" \/>\n<meta name=\"twitter:card\" content=\"summary_large_image\" \/>\n<meta name=\"twitter:creator\" content=\"@anixton\" \/>\n<meta name=\"twitter:site\" content=\"@anixton\" \/>\n<meta name=\"twitter:label1\" content=\"\u00c9crit par\" \/>\n\t<meta name=\"twitter:data1\" content=\"Anixton\" \/>\n<script type=\"application\/ld+json\" class=\"yoast-schema-graph\">{\"@context\":\"https:\\\/\\\/schema.org\",\"@graph\":[{\"@type\":\"Article\",\"@id\":\"https:\\\/\\\/www.anixton.com\\\/fr\\\/anixton-cherche-un-partenaire-pour-le-projet-terrasses-de-namur\\\/#article\",\"isPartOf\":{\"@id\":\"https:\\\/\\\/www.anixton.com\\\/fr\\\/anixton-cherche-un-partenaire-pour-le-projet-terrasses-de-namur\\\/\"},\"author\":{\"name\":\"Anixton\",\"@id\":\"https:\\\/\\\/www.anixton.com\\\/fr\\\/#\\\/schema\\\/person\\\/c26993d2408e0f9c37a1b168db54565d\"},\"headline\":\"Anixton cherche un partenaire pour le projet \u00ab\u00a0Terrasses de Namur\",\"datePublished\":\"2024-02-08T13:42:00+00:00\",\"dateModified\":\"2024-11-27T00:58:47+00:00\",\"mainEntityOfPage\":{\"@id\":\"https:\\\/\\\/www.anixton.com\\\/fr\\\/anixton-cherche-un-partenaire-pour-le-projet-terrasses-de-namur\\\/\"},\"wordCount\":106,\"publisher\":{\"@id\":\"https:\\\/\\\/www.anixton.com\\\/fr\\\/#organization\"},\"image\":{\"@id\":\"https:\\\/\\\/www.anixton.com\\\/fr\\\/anixton-cherche-un-partenaire-pour-le-projet-terrasses-de-namur\\\/#primaryimage\"},\"thumbnailUrl\":\"https:\\\/\\\/www.anixton.com\\\/wp-content\\\/uploads\\\/2024\\\/11\\\/Anixton_News_2024_002_01.jpeg\",\"articleSection\":[\"Non classifi\u00e9(e)\"],\"inLanguage\":\"fr-FR\"},{\"@type\":\"WebPage\",\"@id\":\"https:\\\/\\\/www.anixton.com\\\/fr\\\/anixton-cherche-un-partenaire-pour-le-projet-terrasses-de-namur\\\/\",\"url\":\"https:\\\/\\\/www.anixton.com\\\/fr\\\/anixton-cherche-un-partenaire-pour-le-projet-terrasses-de-namur\\\/\",\"name\":\"Anixton cherche un partenaire pour le projet \\\"Terrasses de Namur\",\"isPartOf\":{\"@id\":\"https:\\\/\\\/www.anixton.com\\\/fr\\\/#website\"},\"primaryImageOfPage\":{\"@id\":\"https:\\\/\\\/www.anixton.com\\\/fr\\\/anixton-cherche-un-partenaire-pour-le-projet-terrasses-de-namur\\\/#primaryimage\"},\"image\":{\"@id\":\"https:\\\/\\\/www.anixton.com\\\/fr\\\/anixton-cherche-un-partenaire-pour-le-projet-terrasses-de-namur\\\/#primaryimage\"},\"thumbnailUrl\":\"https:\\\/\\\/www.anixton.com\\\/wp-content\\\/uploads\\\/2024\\\/11\\\/Anixton_News_2024_002_01.jpeg\",\"datePublished\":\"2024-02-08T13:42:00+00:00\",\"dateModified\":\"2024-11-27T00:58:47+00:00\",\"description\":\"Opportunit\u00e9 exclusive : Partenaire d'Anixton pour le projet \\\"Terrasses de Namur\\\" comprenant 46 appartements durables et un espace commercial. Livraison en 2025.\",\"breadcrumb\":{\"@id\":\"https:\\\/\\\/www.anixton.com\\\/fr\\\/anixton-cherche-un-partenaire-pour-le-projet-terrasses-de-namur\\\/#breadcrumb\"},\"inLanguage\":\"fr-FR\",\"potentialAction\":[{\"@type\":\"ReadAction\",\"target\":[\"https:\\\/\\\/www.anixton.com\\\/fr\\\/anixton-cherche-un-partenaire-pour-le-projet-terrasses-de-namur\\\/\"]}]},{\"@type\":\"ImageObject\",\"inLanguage\":\"fr-FR\",\"@id\":\"https:\\\/\\\/www.anixton.com\\\/fr\\\/anixton-cherche-un-partenaire-pour-le-projet-terrasses-de-namur\\\/#primaryimage\",\"url\":\"https:\\\/\\\/www.anixton.com\\\/wp-content\\\/uploads\\\/2024\\\/11\\\/Anixton_News_2024_002_01.jpeg\",\"contentUrl\":\"https:\\\/\\\/www.anixton.com\\\/wp-content\\\/uploads\\\/2024\\\/11\\\/Anixton_News_2024_002_01.jpeg\",\"width\":1280,\"height\":716},{\"@type\":\"BreadcrumbList\",\"@id\":\"https:\\\/\\\/www.anixton.com\\\/fr\\\/anixton-cherche-un-partenaire-pour-le-projet-terrasses-de-namur\\\/#breadcrumb\",\"itemListElement\":[{\"@type\":\"ListItem\",\"position\":1,\"name\":\"Home\",\"item\":\"https:\\\/\\\/www.anixton.com\\\/fr\\\/\"},{\"@type\":\"ListItem\",\"position\":2,\"name\":\"Anixton cherche un partenaire pour le projet \u00ab\u00a0Terrasses de Namur\"}]},{\"@type\":\"WebSite\",\"@id\":\"https:\\\/\\\/www.anixton.com\\\/fr\\\/#website\",\"url\":\"https:\\\/\\\/www.anixton.com\\\/fr\\\/\",\"name\":\"ANIXTON\",\"description\":\"\",\"publisher\":{\"@id\":\"https:\\\/\\\/www.anixton.com\\\/fr\\\/#organization\"},\"potentialAction\":[{\"@type\":\"SearchAction\",\"target\":{\"@type\":\"EntryPoint\",\"urlTemplate\":\"https:\\\/\\\/www.anixton.com\\\/fr\\\/?s={search_term_string}\"},\"query-input\":{\"@type\":\"PropertyValueSpecification\",\"valueRequired\":true,\"valueName\":\"search_term_string\"}}],\"inLanguage\":\"fr-FR\"},{\"@type\":\"Organization\",\"@id\":\"https:\\\/\\\/www.anixton.com\\\/fr\\\/#organization\",\"name\":\"ANIXTON\",\"url\":\"https:\\\/\\\/www.anixton.com\\\/fr\\\/\",\"logo\":{\"@type\":\"ImageObject\",\"inLanguage\":\"fr-FR\",\"@id\":\"https:\\\/\\\/www.anixton.com\\\/fr\\\/#\\\/schema\\\/logo\\\/image\\\/\",\"url\":\"https:\\\/\\\/www.anixton.com\\\/wp-content\\\/uploads\\\/2020\\\/02\\\/ANIXTON_LOGO_HORIZONTAL_for-background-Navy.png\",\"contentUrl\":\"https:\\\/\\\/www.anixton.com\\\/wp-content\\\/uploads\\\/2020\\\/02\\\/ANIXTON_LOGO_HORIZONTAL_for-background-Navy.png\",\"width\":16368,\"height\":3469,\"caption\":\"ANIXTON\"},\"image\":{\"@id\":\"https:\\\/\\\/www.anixton.com\\\/fr\\\/#\\\/schema\\\/logo\\\/image\\\/\"},\"sameAs\":[\"https:\\\/\\\/www.facebook.com\\\/anixton.realestate\",\"https:\\\/\\\/x.com\\\/anixton\",\"https:\\\/\\\/www.linkedin.com\\\/company\\\/anixton\\\/?viewAsMember=true\",\"https:\\\/\\\/www.tiktok.com\\\/@anixton.com\",\"https:\\\/\\\/www.instagram.com\\\/anixton\\\/\"]},{\"@type\":\"Person\",\"@id\":\"https:\\\/\\\/www.anixton.com\\\/fr\\\/#\\\/schema\\\/person\\\/c26993d2408e0f9c37a1b168db54565d\",\"name\":\"Anixton\",\"image\":{\"@type\":\"ImageObject\",\"inLanguage\":\"fr-FR\",\"@id\":\"https:\\\/\\\/secure.gravatar.com\\\/avatar\\\/b289ad38e278234a1ed0e1d6b7d61d73d4bf032b1098b5f138eda58e78faae35?s=96&d=mm&r=g\",\"url\":\"https:\\\/\\\/secure.gravatar.com\\\/avatar\\\/b289ad38e278234a1ed0e1d6b7d61d73d4bf032b1098b5f138eda58e78faae35?s=96&d=mm&r=g\",\"contentUrl\":\"https:\\\/\\\/secure.gravatar.com\\\/avatar\\\/b289ad38e278234a1ed0e1d6b7d61d73d4bf032b1098b5f138eda58e78faae35?s=96&d=mm&r=g\",\"caption\":\"Anixton\"}}]}<\/script>\n<!-- \/ Yoast SEO plugin. -->","yoast_head_json":{"title":"Anixton cherche un partenaire pour le projet \"Terrasses de Namur","description":"Opportunit\u00e9 exclusive : Partenaire d'Anixton pour le projet \"Terrasses de Namur\" comprenant 46 appartements durables et un espace commercial. Livraison en 2025.","robots":{"index":"index","follow":"follow","max-snippet":"max-snippet:-1","max-image-preview":"max-image-preview:large","max-video-preview":"max-video-preview:-1"},"canonical":"https:\/\/www.anixton.com\/fr\/anixton-cherche-un-partenaire-pour-le-projet-terrasses-de-namur\/","og_locale":"fr_FR","og_type":"article","og_title":"Anixton cherche un partenaire pour le projet \"Terrasses de Namur","og_description":"Opportunit\u00e9 exclusive : Partenaire d'Anixton pour le projet \"Terrasses de Namur\" comprenant 46 appartements durables et un espace commercial. Livraison en 2025.","og_url":"https:\/\/www.anixton.com\/fr\/anixton-cherche-un-partenaire-pour-le-projet-terrasses-de-namur\/","og_site_name":"ANIXTON","article_publisher":"https:\/\/www.facebook.com\/anixton.realestate","article_published_time":"2024-02-08T13:42:00+00:00","article_modified_time":"2024-11-27T00:58:47+00:00","og_image":[{"width":16368,"height":3469,"url":"https:\/\/www.anixton.com\/wp-content\/uploads\/2020\/02\/ANIXTON_LOGO_HORIZONTAL_for-background-Navy.png","type":"image\/png"},{"width":1280,"height":716,"url":"https:\/\/www.anixton.com\/wp-content\/uploads\/2024\/11\/Anixton_News_2024_002_01.jpeg","type":"image\/jpeg"}],"author":"Anixton","twitter_card":"summary_large_image","twitter_creator":"@anixton","twitter_site":"@anixton","twitter_misc":{"\u00c9crit par":"Anixton"},"schema":{"@context":"https:\/\/schema.org","@graph":[{"@type":"Article","@id":"https:\/\/www.anixton.com\/fr\/anixton-cherche-un-partenaire-pour-le-projet-terrasses-de-namur\/#article","isPartOf":{"@id":"https:\/\/www.anixton.com\/fr\/anixton-cherche-un-partenaire-pour-le-projet-terrasses-de-namur\/"},"author":{"name":"Anixton","@id":"https:\/\/www.anixton.com\/fr\/#\/schema\/person\/c26993d2408e0f9c37a1b168db54565d"},"headline":"Anixton cherche un partenaire pour le projet \u00ab\u00a0Terrasses de Namur","datePublished":"2024-02-08T13:42:00+00:00","dateModified":"2024-11-27T00:58:47+00:00","mainEntityOfPage":{"@id":"https:\/\/www.anixton.com\/fr\/anixton-cherche-un-partenaire-pour-le-projet-terrasses-de-namur\/"},"wordCount":106,"publisher":{"@id":"https:\/\/www.anixton.com\/fr\/#organization"},"image":{"@id":"https:\/\/www.anixton.com\/fr\/anixton-cherche-un-partenaire-pour-le-projet-terrasses-de-namur\/#primaryimage"},"thumbnailUrl":"https:\/\/www.anixton.com\/wp-content\/uploads\/2024\/11\/Anixton_News_2024_002_01.jpeg","articleSection":["Non classifi\u00e9(e)"],"inLanguage":"fr-FR"},{"@type":"WebPage","@id":"https:\/\/www.anixton.com\/fr\/anixton-cherche-un-partenaire-pour-le-projet-terrasses-de-namur\/","url":"https:\/\/www.anixton.com\/fr\/anixton-cherche-un-partenaire-pour-le-projet-terrasses-de-namur\/","name":"Anixton cherche un partenaire pour le projet \"Terrasses de Namur","isPartOf":{"@id":"https:\/\/www.anixton.com\/fr\/#website"},"primaryImageOfPage":{"@id":"https:\/\/www.anixton.com\/fr\/anixton-cherche-un-partenaire-pour-le-projet-terrasses-de-namur\/#primaryimage"},"image":{"@id":"https:\/\/www.anixton.com\/fr\/anixton-cherche-un-partenaire-pour-le-projet-terrasses-de-namur\/#primaryimage"},"thumbnailUrl":"https:\/\/www.anixton.com\/wp-content\/uploads\/2024\/11\/Anixton_News_2024_002_01.jpeg","datePublished":"2024-02-08T13:42:00+00:00","dateModified":"2024-11-27T00:58:47+00:00","description":"Opportunit\u00e9 exclusive : Partenaire d'Anixton pour le projet \"Terrasses de Namur\" comprenant 46 appartements durables et un espace commercial. Livraison en 2025.","breadcrumb":{"@id":"https:\/\/www.anixton.com\/fr\/anixton-cherche-un-partenaire-pour-le-projet-terrasses-de-namur\/#breadcrumb"},"inLanguage":"fr-FR","potentialAction":[{"@type":"ReadAction","target":["https:\/\/www.anixton.com\/fr\/anixton-cherche-un-partenaire-pour-le-projet-terrasses-de-namur\/"]}]},{"@type":"ImageObject","inLanguage":"fr-FR","@id":"https:\/\/www.anixton.com\/fr\/anixton-cherche-un-partenaire-pour-le-projet-terrasses-de-namur\/#primaryimage","url":"https:\/\/www.anixton.com\/wp-content\/uploads\/2024\/11\/Anixton_News_2024_002_01.jpeg","contentUrl":"https:\/\/www.anixton.com\/wp-content\/uploads\/2024\/11\/Anixton_News_2024_002_01.jpeg","width":1280,"height":716},{"@type":"BreadcrumbList","@id":"https:\/\/www.anixton.com\/fr\/anixton-cherche-un-partenaire-pour-le-projet-terrasses-de-namur\/#breadcrumb","itemListElement":[{"@type":"ListItem","position":1,"name":"Home","item":"https:\/\/www.anixton.com\/fr\/"},{"@type":"ListItem","position":2,"name":"Anixton cherche un partenaire pour le projet \u00ab\u00a0Terrasses de Namur"}]},{"@type":"WebSite","@id":"https:\/\/www.anixton.com\/fr\/#website","url":"https:\/\/www.anixton.com\/fr\/","name":"ANIXTON","description":"","publisher":{"@id":"https:\/\/www.anixton.com\/fr\/#organization"},"potentialAction":[{"@type":"SearchAction","target":{"@type":"EntryPoint","urlTemplate":"https:\/\/www.anixton.com\/fr\/?s={search_term_string}"},"query-input":{"@type":"PropertyValueSpecification","valueRequired":true,"valueName":"search_term_string"}}],"inLanguage":"fr-FR"},{"@type":"Organization","@id":"https:\/\/www.anixton.com\/fr\/#organization","name":"ANIXTON","url":"https:\/\/www.anixton.com\/fr\/","logo":{"@type":"ImageObject","inLanguage":"fr-FR","@id":"https:\/\/www.anixton.com\/fr\/#\/schema\/logo\/image\/","url":"https:\/\/www.anixton.com\/wp-content\/uploads\/2020\/02\/ANIXTON_LOGO_HORIZONTAL_for-background-Navy.png","contentUrl":"https:\/\/www.anixton.com\/wp-content\/uploads\/2020\/02\/ANIXTON_LOGO_HORIZONTAL_for-background-Navy.png","width":16368,"height":3469,"caption":"ANIXTON"},"image":{"@id":"https:\/\/www.anixton.com\/fr\/#\/schema\/logo\/image\/"},"sameAs":["https:\/\/www.facebook.com\/anixton.realestate","https:\/\/x.com\/anixton","https:\/\/www.linkedin.com\/company\/anixton\/?viewAsMember=true","https:\/\/www.tiktok.com\/@anixton.com","https:\/\/www.instagram.com\/anixton\/"]},{"@type":"Person","@id":"https:\/\/www.anixton.com\/fr\/#\/schema\/person\/c26993d2408e0f9c37a1b168db54565d","name":"Anixton","image":{"@type":"ImageObject","inLanguage":"fr-FR","@id":"https:\/\/secure.gravatar.com\/avatar\/b289ad38e278234a1ed0e1d6b7d61d73d4bf032b1098b5f138eda58e78faae35?s=96&d=mm&r=g","url":"https:\/\/secure.gravatar.com\/avatar\/b289ad38e278234a1ed0e1d6b7d61d73d4bf032b1098b5f138eda58e78faae35?s=96&d=mm&r=g","contentUrl":"https:\/\/secure.gravatar.com\/avatar\/b289ad38e278234a1ed0e1d6b7d61d73d4bf032b1098b5f138eda58e78faae35?s=96&d=mm&r=g","caption":"Anixton"}}]}},"_links":{"self":[{"href":"https:\/\/www.anixton.com\/fr\/wp-json\/wp\/v2\/posts\/9054","targetHints":{"allow":["GET"]}}],"collection":[{"href":"https:\/\/www.anixton.com\/fr\/wp-json\/wp\/v2\/posts"}],"about":[{"href":"https:\/\/www.anixton.com\/fr\/wp-json\/wp\/v2\/types\/post"}],"author":[{"embeddable":true,"href":"https:\/\/www.anixton.com\/fr\/wp-json\/wp\/v2\/users\/21"}],"replies":[{"embeddable":true,"href":"https:\/\/www.anixton.com\/fr\/wp-json\/wp\/v2\/comments?post=9054"}],"version-history":[{"count":1,"href":"https:\/\/www.anixton.com\/fr\/wp-json\/wp\/v2\/posts\/9054\/revisions"}],"predecessor-version":[{"id":9055,"href":"https:\/\/www.anixton.com\/fr\/wp-json\/wp\/v2\/posts\/9054\/revisions\/9055"}],"wp:featuredmedia":[{"embeddable":true,"href":"https:\/\/www.anixton.com\/fr\/wp-json\/wp\/v2\/media\/8112"}],"wp:attachment":[{"href":"https:\/\/www.anixton.com\/fr\/wp-json\/wp\/v2\/media?parent=9054"}],"wp:term":[{"taxonomy":"category","embeddable":true,"href":"https:\/\/www.anixton.com\/fr\/wp-json\/wp\/v2\/categories?post=9054"},{"taxonomy":"post_tag","embeddable":true,"href":"https:\/\/www.anixton.com\/fr\/wp-json\/wp\/v2\/tags?post=9054"}],"curies":[{"name":"wp","href":"https:\/\/api.w.org\/{rel}","templated":true}]}}